{"id":28686,"date":"2023-07-10T23:21:20","date_gmt":"2023-07-11T02:21:20","guid":{"rendered":"https:\/\/www.oparanews.com.br\/?p=28686"},"modified":"2023-07-10T23:21:20","modified_gmt":"2023-07-11T02:21:20","slug":"vereador-dr-epson-considera-que-aumento-salarial-para-servidores-da-educacao-e-justo-mas-pede-reajuste-para-outras-categorias","status":"publish","type":"post","link":"https:\/\/www.oparanews.com.br\/index.php\/2023\/07\/10\/vereador-dr-epson-considera-que-aumento-salarial-para-servidores-da-educacao-e-justo-mas-pede-reajuste-para-outras-categorias\/","title":{"rendered":"Vereador Dr. Epson considera que aumento salarial para servidores da Educa\u00e7\u00e3o \u00e9 justo, mas pede reajuste para outras categorias"},"content":{"rendered":"<p>O Vereador Dr. Epson (Jos\u00e9 Epson Valente Costa) usou a tribuna da C\u00e2mara Municipal de Penedo na primeira sess\u00e3o ordin\u00e1ria do m\u00eas de julho para afirmar que o reajuste de 12% concedidos aos servidores efetivos da Educa\u00e7\u00e3o \u00e9 justo.<\/p>\n<p>&nbsp;<\/p>\n<p>Ele votou a favor da aprova\u00e7\u00e3o da mat\u00e9ria em tramitou em sua primeira discuss\u00e3o durante a reuni\u00e3o desta quinta-feira, 06, e volta ao plen\u00e1rio na manh\u00e3 da pr\u00f3xima ter\u00e7a, 11, a partir das 10 horas, in\u00edcio das sess\u00f5es extraordin\u00e1rias convocadas pelo Presidente Messias da Fil\u00f3 (Manoel Messias Lima).<\/p>\n<p>&nbsp;<\/p>\n<p>Por outro lado, Dr. Epson declarou sua indigna\u00e7\u00e3o por n\u00e3o haver previs\u00e3o de reajuste salarial para as demais categorias do funcionalismo municipal, frisando que h\u00e1 recursos dispon\u00edveis, citando o montante relacionado \u00e0 concess\u00e3o dos servi\u00e7os de \u00e1gua e esgoto do munic\u00edpio no valor de R$ 124.000.000,00 (cento e vinte e quatro milh\u00f5es de reais), concluindo seu pronunciamento com pedido direcionado ao gestor e sua equipe econ\u00f4mica para que revejam a situa\u00e7\u00e3o dos servidores de outros setores da municipalidade.<\/p>\n<p>&nbsp;<\/p>\n<p>&nbsp;<\/p>\n<p>&nbsp;<\/p>\n<p><strong>Fonte: Ascom CMP\u00a0<\/strong><\/p>\n","protected":false},"excerpt":{"rendered":"<p>O Vereador Dr. Epson (Jos\u00e9 Epson Valente Costa) usou a tribuna da C\u00e2mara Municipal de Penedo na primeira sess\u00e3o ordin\u00e1ria do m\u00eas de julho para afirmar que o reajuste de 12% concedidos aos servidores efetivos da Educa\u00e7\u00e3o \u00e9 justo. &nbsp; Ele votou a favor da aprova\u00e7\u00e3o da mat\u00e9ria em tramitou em sua primeira discuss\u00e3o durante &hellip;<\/p>\n","protected":false},"author":2,"featured_media":28687,"comment_status":"open","ping_status":"open","sticky":false,"template":"","format":"standard","meta":{"_jetpack_memberships_contains_paid_content":false,"footnotes":""},"categories":[4,3],"tags":[],"class_list":["post-28686","post","type-post","status-publish","format-standard","has-post-thumbnail","hentry","category-alagoas","category-penedo"],"jetpack_featured_media_url":"https:\/\/www.oparanews.com.br\/wp-content\/uploads\/2023\/07\/vereadordrepson-e1658189509461.jpg","jetpack_sharing_enabled":true,"_links":{"self":[{"href":"https:\/\/www.oparanews.com.br\/index.php\/wp-json\/wp\/v2\/posts\/28686","targetHints":{"allow":["GET"]}}],"collection":[{"href":"https:\/\/www.oparanews.com.br\/index.php\/wp-json\/wp\/v2\/posts"}],"about":[{"href":"https:\/\/www.oparanews.com.br\/index.php\/wp-json\/wp\/v2\/types\/post"}],"author":[{"embeddable":true,"href":"https:\/\/www.oparanews.com.br\/index.php\/wp-json\/wp\/v2\/users\/2"}],"replies":[{"embeddable":true,"href":"https:\/\/www.oparanews.com.br\/index.php\/wp-json\/wp\/v2\/comments?post=28686"}],"version-history":[{"count":1,"href":"https:\/\/www.oparanews.com.br\/index.php\/wp-json\/wp\/v2\/posts\/28686\/revisions"}],"predecessor-version":[{"id":28688,"href":"https:\/\/www.oparanews.com.br\/index.php\/wp-json\/wp\/v2\/posts\/28686\/revisions\/28688"}],"wp:featuredmedia":[{"embeddable":true,"href":"https:\/\/www.oparanews.com.br\/index.php\/wp-json\/wp\/v2\/media\/28687"}],"wp:attachment":[{"href":"https:\/\/www.oparanews.com.br\/index.php\/wp-json\/wp\/v2\/media?parent=28686"}],"wp:term":[{"taxonomy":"category","embeddable":true,"href":"https:\/\/www.oparanews.com.br\/index.php\/wp-json\/wp\/v2\/categories?post=28686"},{"taxonomy":"post_tag","embeddable":true,"href":"https:\/\/www.oparanews.com.br\/index.php\/wp-json\/wp\/v2\/tags?post=28686"}],"curies":[{"name":"wp","href":"https:\/\/api.w.org\/{rel}","templated":true}]}}