{"id":28689,"date":"2023-07-10T23:22:50","date_gmt":"2023-07-11T02:22:50","guid":{"rendered":"https:\/\/www.oparanews.com.br\/?p=28689"},"modified":"2023-07-10T23:22:50","modified_gmt":"2023-07-11T02:22:50","slug":"vereador-ernande-pinheiro-requer-construcao-de-quadra-poliesportiva-e-academia-de-saude-no-antigo-local-da-escola-douglas-apratto-tenorio","status":"publish","type":"post","link":"https:\/\/www.oparanews.com.br\/index.php\/2023\/07\/10\/vereador-ernande-pinheiro-requer-construcao-de-quadra-poliesportiva-e-academia-de-saude-no-antigo-local-da-escola-douglas-apratto-tenorio\/","title":{"rendered":"Vereador Ernande Pinheiro requer constru\u00e7\u00e3o de quadra poliesportiva e academia de sa\u00fade no antigo local da Escola Douglas Apratto Ten\u00f3rio"},"content":{"rendered":"<p>O Vereador Ernande Pinheiro requer do poder p\u00fablico municipal a constru\u00e7\u00e3o de uma quadra poliesportiva e academia de sa\u00fade no bairro Santo Ant\u00f4nio, onde funcionou a Escola Douglas Apratto Ten\u00f3rio, que foi demolida para ser instalada em outro local no mesmo bairro.<\/p>\n<p>&nbsp;<\/p>\n<p>Ao justificar o pleito apresentado na sess\u00e3o desta quinta-feira, 06 de julho, o parlamentar alegou que o terreno est\u00e1 sendo usado por malandros e o espa\u00e7o atender\u00e1 aos moradores do Barro Vermelho para a pr\u00e1tica de esportes e atividades de lazer.<\/p>\n<p>&nbsp;<\/p>\n<p>Outro requerimento apresentado pelo parlamentar foi a constru\u00e7\u00e3o de posto de sa\u00fade no povoado Palmeira Alta, atendendo pedido dos moradores que continuam sendo atendidos em um im\u00f3vel alugado.<\/p>\n<p>&nbsp;<\/p>\n<p>Ernande Pinheiro tamb\u00e9m prop\u00f4s que o forrozeiro penedense Nilson Sanfoneiro seja homenageado nos festejos juninos de 2024, apresentando Mo\u00e7\u00e3o de Aplauso \u00e0 Secret\u00e1ria Municipal de Cultura, Teresa Machado, pela realiza\u00e7\u00e3o do Arroche o N\u00f3 2023.<\/p>\n<p>&nbsp;<\/p>\n<p>Ele tamb\u00e9m parabenizou o presidente da Cooperativa Pindorama, Kl\u00e9cio Santos, pela passagem do seu anivers\u00e1rio e o ex-prefeito Tancredo Pereira, que completar\u00e1 91 anos no domingo, 09.<\/p>\n<p>&nbsp;<\/p>\n<p>Em rela\u00e7\u00e3o ao Projeto de Lei que concede 12% de reajuste aos servidores municipais da Educa\u00e7\u00e3o, Ernande votou a favor na primeira discuss\u00e3o da mat\u00e9ria que volta ao plen\u00e1rio na pr\u00f3xima ter\u00e7a-feira, 11, data das sess\u00f5es extraordin\u00e1rias convocadas pelo Presidente Messias da Fil\u00f3, com previs\u00e3o de in\u00edcio \u00e0s 10 horas.<\/p>\n<p>&nbsp;<\/p>\n<p>&nbsp;<\/p>\n<p><strong>Fonte: Ascom CMP<\/strong><\/p>\n<p>&nbsp;<\/p>\n","protected":false},"excerpt":{"rendered":"<p>O Vereador Ernande Pinheiro requer do poder p\u00fablico municipal a constru\u00e7\u00e3o de uma quadra poliesportiva e academia de sa\u00fade no bairro Santo Ant\u00f4nio, onde funcionou a Escola Douglas Apratto Ten\u00f3rio, que foi demolida para ser instalada em outro local no mesmo bairro. &nbsp; Ao justificar o pleito apresentado na sess\u00e3o desta quinta-feira, 06 de julho, &hellip;<\/p>\n","protected":false},"author":2,"featured_media":28483,"comment_status":"open","ping_status":"open","sticky":false,"template":"","format":"standard","meta":{"_jetpack_memberships_contains_paid_content":false,"footnotes":""},"categories":[4,3],"tags":[],"class_list":["post-28689","post","type-post","status-publish","format-standard","has-post-thumbnail","hentry","category-alagoas","category-penedo"],"jetpack_featured_media_url":"https:\/\/www.oparanews.com.br\/wp-content\/uploads\/2023\/06\/vereador-ernande-pinheiro-ascom-cmp-scaled.jpg","jetpack_sharing_enabled":true,"_links":{"self":[{"href":"https:\/\/www.oparanews.com.br\/index.php\/wp-json\/wp\/v2\/posts\/28689","targetHints":{"allow":["GET"]}}],"collection":[{"href":"https:\/\/www.oparanews.com.br\/index.php\/wp-json\/wp\/v2\/posts"}],"about":[{"href":"https:\/\/www.oparanews.com.br\/index.php\/wp-json\/wp\/v2\/types\/post"}],"author":[{"embeddable":true,"href":"https:\/\/www.oparanews.com.br\/index.php\/wp-json\/wp\/v2\/users\/2"}],"replies":[{"embeddable":true,"href":"https:\/\/www.oparanews.com.br\/index.php\/wp-json\/wp\/v2\/comments?post=28689"}],"version-history":[{"count":1,"href":"https:\/\/www.oparanews.com.br\/index.php\/wp-json\/wp\/v2\/posts\/28689\/revisions"}],"predecessor-version":[{"id":28690,"href":"https:\/\/www.oparanews.com.br\/index.php\/wp-json\/wp\/v2\/posts\/28689\/revisions\/28690"}],"wp:featuredmedia":[{"embeddable":true,"href":"https:\/\/www.oparanews.com.br\/index.php\/wp-json\/wp\/v2\/media\/28483"}],"wp:attachment":[{"href":"https:\/\/www.oparanews.com.br\/index.php\/wp-json\/wp\/v2\/media?parent=28689"}],"wp:term":[{"taxonomy":"category","embeddable":true,"href":"https:\/\/www.oparanews.com.br\/index.php\/wp-json\/wp\/v2\/categories?post=28689"},{"taxonomy":"post_tag","embeddable":true,"href":"https:\/\/www.oparanews.com.br\/index.php\/wp-json\/wp\/v2\/tags?post=28689"}],"curies":[{"name":"wp","href":"https:\/\/api.w.org\/{rel}","templated":true}]}}