{"id":28699,"date":"2023-07-11T17:37:09","date_gmt":"2023-07-11T20:37:09","guid":{"rendered":"https:\/\/www.oparanews.com.br\/?p=28699"},"modified":"2023-07-11T17:37:09","modified_gmt":"2023-07-11T20:37:09","slug":"prefeitura-de-penedo-apresenta-plano-de-acao-da-lei-paulo-gustavo-para-agentes-culturais","status":"publish","type":"post","link":"https:\/\/www.oparanews.com.br\/index.php\/2023\/07\/11\/prefeitura-de-penedo-apresenta-plano-de-acao-da-lei-paulo-gustavo-para-agentes-culturais\/","title":{"rendered":"Prefeitura de Penedo apresenta plano de a\u00e7\u00e3o da Lei Paulo Gustavo para agentes culturais"},"content":{"rendered":"<p>A Secretaria Municipal de Cultura, Lazer e Juventude (SEMCLEJ) apresentou o plano de a\u00e7\u00e3o da Lei Paulo Gustavo para trabalhadores do setor audiovisual e agentes culturais que atuam em Penedo durante encontro realizado na noite desta segunda-feira, 10.<\/p>\n<p>&nbsp;<\/p>\n<p>A convoca\u00e7\u00e3o reuniu mais de 50 pessoas no audit\u00f3rio da Casa de Aposentadoria, onde a Secret\u00e1ria Teresa Machado exp\u00f4s como a iniciativa lan\u00e7ada do governo federal para atenuar os preju\u00edzos gerados pela pandemia de covid ser\u00e1 aplicada em Penedo.<\/p>\n<p>&nbsp;<\/p>\n<p>O Fundo Nacional de Cultura destinou R$ 578.450,95 para o munic\u00edpio, sendo 70% desse valor para o setor audiovisual (R$ 404.915,67) e 30% para os demais segmentos (R$ 173.535,28), propor\u00e7\u00e3o estabelecida na lei federal.<\/p>\n<p>&nbsp;<\/p>\n<p>D\u00favidas sobre quem poder\u00e1 ter acesso e como ser\u00e3o os procedimentos pontuaram o di\u00e1logo da gestora da SEMCLEJ com o p\u00fablico durante cerca de tr\u00eas horas, com diversas interven\u00e7\u00f5es dos agentes culturais.<\/p>\n<p><a href=\"http:\/\/www.oparanews.com.br\/wp-content\/uploads\/2023\/07\/lei-paulo-gustavo-penedo-semclej-7.jpeg\"><img loading=\"lazy\" decoding=\"async\" class=\"aligncenter size-full wp-image-28701\" src=\"http:\/\/www.oparanews.com.br\/wp-content\/uploads\/2023\/07\/lei-paulo-gustavo-penedo-semclej-7.jpeg\" alt=\"\" width=\"1600\" height=\"1066\" srcset=\"https:\/\/www.oparanews.com.br\/wp-content\/uploads\/2023\/07\/lei-paulo-gustavo-penedo-semclej-7.jpeg 1600w, https:\/\/www.oparanews.com.br\/wp-content\/uploads\/2023\/07\/lei-paulo-gustavo-penedo-semclej-7-300x200.jpeg 300w, https:\/\/www.oparanews.com.br\/wp-content\/uploads\/2023\/07\/lei-paulo-gustavo-penedo-semclej-7-1024x682.jpeg 1024w, https:\/\/www.oparanews.com.br\/wp-content\/uploads\/2023\/07\/lei-paulo-gustavo-penedo-semclej-7-768x512.jpeg 768w, https:\/\/www.oparanews.com.br\/wp-content\/uploads\/2023\/07\/lei-paulo-gustavo-penedo-semclej-7-1536x1023.jpeg 1536w\" sizes=\"auto, (max-width: 1600px) 100vw, 1600px\" \/><\/a><\/p>\n<p>A participa\u00e7\u00e3o democr\u00e1tica de todos os segmentos da economia criativa e da cultura penedense ser\u00e1 aprofundada em dois grupos de trabalho: um para o setor audiovisual e o outro para os demais segmentos, ficando a crit\u00e9rio de cada um a participa\u00e7\u00e3o no respectivo grupo de trabalho, informada na lista de presen\u00e7a da reuni\u00e3o.<\/p>\n<p>&nbsp;<\/p>\n<p>E para facilitar o processo de orienta\u00e7\u00e3o e adequa\u00e7\u00e3o dos interessados \u00e0s exig\u00eancias da Lei Paulo Gustavo, a SEMCLEJ contratou a empresa Strategio, representada no debate por Rafael Arley e \u00c9vio Jorge.<\/p>\n<p>&nbsp;<\/p>\n<p>O encontro tamb\u00e9m contou com a participa\u00e7\u00e3o da Superintendente de Economia Criativa, Fomento e Incentivo \u00e0 Cultura da Secult Alagoas, Nat\u00e1lia Teles. Ela informou que o estado recebeu R$ 43.923.439,26 da Lei Paulo Gustavo e que os interessados devem encaminhar seus projetos para o e-mail lpg.alagoas@gmail.com<\/p>\n<p>&nbsp;<\/p>\n<p>&nbsp;<\/p>\n<p>&nbsp;<\/p>\n<p><strong>Fonte: Secom PMP<\/strong><\/p>\n<p>&nbsp;<\/p>\n","protected":false},"excerpt":{"rendered":"<p>A Secretaria Municipal de Cultura, Lazer e Juventude (SEMCLEJ) apresentou o plano de a\u00e7\u00e3o da Lei Paulo Gustavo para trabalhadores do setor audiovisual e agentes culturais que atuam em Penedo durante encontro realizado na noite desta segunda-feira, 10. &nbsp; A convoca\u00e7\u00e3o reuniu mais de 50 pessoas no audit\u00f3rio da Casa de Aposentadoria, onde a Secret\u00e1ria &hellip;<\/p>\n","protected":false},"author":2,"featured_media":28700,"comment_status":"open","ping_status":"open","sticky":false,"template":"","format":"standard","meta":{"_jetpack_memberships_contains_paid_content":false,"footnotes":""},"categories":[1,3],"tags":[],"class_list":["post-28699","post","type-post","status-publish","format-standard","has-post-thumbnail","hentry","category-destaque","category-penedo"],"jetpack_featured_media_url":"https:\/\/www.oparanews.com.br\/wp-content\/uploads\/2023\/07\/lei-paulo-gustavo-penedo-semclej.jpeg","jetpack_sharing_enabled":true,"_links":{"self":[{"href":"https:\/\/www.oparanews.com.br\/index.php\/wp-json\/wp\/v2\/posts\/28699","targetHints":{"allow":["GET"]}}],"collection":[{"href":"https:\/\/www.oparanews.com.br\/index.php\/wp-json\/wp\/v2\/posts"}],"about":[{"href":"https:\/\/www.oparanews.com.br\/index.php\/wp-json\/wp\/v2\/types\/post"}],"author":[{"embeddable":true,"href":"https:\/\/www.oparanews.com.br\/index.php\/wp-json\/wp\/v2\/users\/2"}],"replies":[{"embeddable":true,"href":"https:\/\/www.oparanews.com.br\/index.php\/wp-json\/wp\/v2\/comments?post=28699"}],"version-history":[{"count":1,"href":"https:\/\/www.oparanews.com.br\/index.php\/wp-json\/wp\/v2\/posts\/28699\/revisions"}],"predecessor-version":[{"id":28702,"href":"https:\/\/www.oparanews.com.br\/index.php\/wp-json\/wp\/v2\/posts\/28699\/revisions\/28702"}],"wp:featuredmedia":[{"embeddable":true,"href":"https:\/\/www.oparanews.com.br\/index.php\/wp-json\/wp\/v2\/media\/28700"}],"wp:attachment":[{"href":"https:\/\/www.oparanews.com.br\/index.php\/wp-json\/wp\/v2\/media?parent=28699"}],"wp:term":[{"taxonomy":"category","embeddable":true,"href":"https:\/\/www.oparanews.com.br\/index.php\/wp-json\/wp\/v2\/categories?post=28699"},{"taxonomy":"post_tag","embeddable":true,"href":"https:\/\/www.oparanews.com.br\/index.php\/wp-json\/wp\/v2\/tags?post=28699"}],"curies":[{"name":"wp","href":"https:\/\/api.w.org\/{rel}","templated":true}]}}