{"id":28712,"date":"2023-07-13T16:09:54","date_gmt":"2023-07-13T19:09:54","guid":{"rendered":"https:\/\/www.oparanews.com.br\/?p=28712"},"modified":"2023-07-13T16:09:54","modified_gmt":"2023-07-13T19:09:54","slug":"ministerio-do-turismo-e-setur-al-participam-de-reuniao-do-comtur-penedo","status":"publish","type":"post","link":"https:\/\/www.oparanews.com.br\/index.php\/2023\/07\/13\/ministerio-do-turismo-e-setur-al-participam-de-reuniao-do-comtur-penedo\/","title":{"rendered":"Minist\u00e9rio do Turismo e SETUR\/AL participam de reuni\u00e3o do COMTUR Penedo"},"content":{"rendered":"<p>Representantes do Minist\u00e9rio do Turismo (MTur), da Secretaria de Estado do Turismo de Alagoas (SETUR\/AL) e da Inst\u00e2ncia de Governan\u00e7a Caminho das \u00c1guas participaram da reuni\u00e3o mensal do Conselho Municipal de Turismo de Penedo (COMTUR).<\/p>\n<p>&nbsp;<\/p>\n<p>O encontro realizado na ter\u00e7a-feira, 11, sede da Secretaria Municipal de Turismo e Economia Criativa (SETUREC) foi bastante positivo. Na oportunidade, foram discutidas estrat\u00e9gias e a\u00e7\u00f5es para o desenvolvimento do turismo, bem como a import\u00e2ncia do fortalecimento do trabalho das governan\u00e7as regionais para o setor.<\/p>\n<p>&nbsp;<\/p>\n<p>Ao final da reuni\u00e3o, Ana Carla Moura, coordenadora-geral de \u00c1reas Estrat\u00e9gicas para o Desenvolvimento Tur\u00edstico do Minist\u00e9rio do Turismo; Sandra Villanova, superintendente de Infraestrutura e Log\u00edstica para o Turismo da SETUR Alagoas; Andrea Lessa, gerente de Desenvolvimento Regional e Produtos Tur\u00edsticos da Superintend\u00eancia de Infraestrutura e Log\u00edstica para o Turismo da SETUR Alagoas; e Marcos Jacinto, presidente da Inst\u00e2ncia de Governan\u00e7a Caminho das \u00c1guas, visitaram e conheceram alguns pontos tur\u00edsticos e estrat\u00e9gicos do Destino Penedo atrav\u00e9s de um city tour guiado e, ainda, saborearam a rica e deliciosa gastronomia da cidade.<\/p>\n<p>&nbsp;<\/p>\n<p>Para Jair Galv\u00e3o, foi um privil\u00e9gio para o COMTUR contar com a participa\u00e7\u00e3o especial do Minist\u00e9rio do Turismo e da SETUR\/AL, uma vez que o conselho \u00e9 um dos importantes componentes da gest\u00e3o coletiva da governan\u00e7a de destinos tur\u00edsticos.<\/p>\n<p>&nbsp;<\/p>\n<p>\u201cTivemos a oportunidade de apresentar a agenda da Prefeitura de Penedo e ouvir um pouco das a\u00e7\u00f5es que est\u00e3o sendo desenvolvidas nos \u00e2mbitos federal e estadual\u201d, disse o gestor da SETUREC.<\/p>\n<p>&nbsp;<\/p>\n<p>\u201c\u00c9 a primeira vez que venho aqui e gostei bastante. Vi que em Penedo a cultura, o artesanato e a hist\u00f3ria s\u00e3o pontos muito fortes, e a proximidade com o Rio S\u00e3o Francisco tamb\u00e9m \u00e9 muito bacana. Penedo \u00e9 uma das cidades que fortalece a sua governan\u00e7a atrav\u00e9s do COMTUR, fator muito importante. Al\u00e9m de profissionais exemplares, a cidade traz, ainda, uma gest\u00e3o voltada a participa\u00e7\u00e3o n\u00e3o s\u00f3 dos empres\u00e1rios, mas, tamb\u00e9m, de toda a comunidade\u201d, disse Ana Carla Moura, do MTur.<\/p>\n<p>&nbsp;<\/p>\n<p>&nbsp;<\/p>\n<p>&nbsp;<\/p>\n<p>&nbsp;<\/p>\n<p><strong>por Thaciana Lima \u2013 jornalista e social media da SETUREC<\/strong><\/p>\n<p>&nbsp;<\/p>\n","protected":false},"excerpt":{"rendered":"<p>Representantes do Minist\u00e9rio do Turismo (MTur), da Secretaria de Estado do Turismo de Alagoas (SETUR\/AL) e da Inst\u00e2ncia de Governan\u00e7a Caminho das \u00c1guas participaram da reuni\u00e3o mensal do Conselho Municipal de Turismo de Penedo (COMTUR). &nbsp; O encontro realizado na ter\u00e7a-feira, 11, sede da Secretaria Municipal de Turismo e Economia Criativa (SETUREC) foi bastante positivo. &hellip;<\/p>\n","protected":false},"author":2,"featured_media":28713,"comment_status":"open","ping_status":"open","sticky":false,"template":"","format":"standard","meta":{"_jetpack_memberships_contains_paid_content":false,"footnotes":""},"categories":[1,3],"tags":[],"class_list":["post-28712","post","type-post","status-publish","format-standard","has-post-thumbnail","hentry","category-destaque","category-penedo"],"jetpack_featured_media_url":"https:\/\/www.oparanews.com.br\/wp-content\/uploads\/2023\/07\/MTur-e-SETUR-AL-no-COMTUR-01.jpeg","jetpack_sharing_enabled":true,"_links":{"self":[{"href":"https:\/\/www.oparanews.com.br\/index.php\/wp-json\/wp\/v2\/posts\/28712","targetHints":{"allow":["GET"]}}],"collection":[{"href":"https:\/\/www.oparanews.com.br\/index.php\/wp-json\/wp\/v2\/posts"}],"about":[{"href":"https:\/\/www.oparanews.com.br\/index.php\/wp-json\/wp\/v2\/types\/post"}],"author":[{"embeddable":true,"href":"https:\/\/www.oparanews.com.br\/index.php\/wp-json\/wp\/v2\/users\/2"}],"replies":[{"embeddable":true,"href":"https:\/\/www.oparanews.com.br\/index.php\/wp-json\/wp\/v2\/comments?post=28712"}],"version-history":[{"count":1,"href":"https:\/\/www.oparanews.com.br\/index.php\/wp-json\/wp\/v2\/posts\/28712\/revisions"}],"predecessor-version":[{"id":28714,"href":"https:\/\/www.oparanews.com.br\/index.php\/wp-json\/wp\/v2\/posts\/28712\/revisions\/28714"}],"wp:featuredmedia":[{"embeddable":true,"href":"https:\/\/www.oparanews.com.br\/index.php\/wp-json\/wp\/v2\/media\/28713"}],"wp:attachment":[{"href":"https:\/\/www.oparanews.com.br\/index.php\/wp-json\/wp\/v2\/media?parent=28712"}],"wp:term":[{"taxonomy":"category","embeddable":true,"href":"https:\/\/www.oparanews.com.br\/index.php\/wp-json\/wp\/v2\/categories?post=28712"},{"taxonomy":"post_tag","embeddable":true,"href":"https:\/\/www.oparanews.com.br\/index.php\/wp-json\/wp\/v2\/tags?post=28712"}],"curies":[{"name":"wp","href":"https:\/\/api.w.org\/{rel}","templated":true}]}}