{"id":28758,"date":"2023-07-20T13:46:41","date_gmt":"2023-07-20T16:46:41","guid":{"rendered":"https:\/\/www.oparanews.com.br\/?p=28758"},"modified":"2023-07-20T13:46:41","modified_gmt":"2023-07-20T16:46:41","slug":"agentes-de-combate-as-endemias-de-penedo-sao-capacitados-em-curso-de-primeiros-socorros","status":"publish","type":"post","link":"https:\/\/www.oparanews.com.br\/index.php\/2023\/07\/20\/agentes-de-combate-as-endemias-de-penedo-sao-capacitados-em-curso-de-primeiros-socorros\/","title":{"rendered":"Agentes de Combate \u00e0s Endemias de Penedo s\u00e3o capacitados em curso de primeiros socorros"},"content":{"rendered":"<p>Agentes de combate \u00e0s endemias (ACEs) participaram da \u00faltima aula do curso t\u00e9cnico \u201cSa\u00fade com Agente\u201d, qualifica\u00e7\u00e3o que tem apoio da Prefeitura de Penedo e \u00e9 realizada em parceria com a UFRGS e o Minist\u00e9rio da Sa\u00fade.<\/p>\n<p>A capacita\u00e7\u00e3o foi ministrada na quarta-feira, 19, por equipe do 6\u00b0 Grupamento de Bombeiros Militar, com participa\u00e7\u00e3o da Secretaria Municipal de Sa\u00fade (SEMS).<\/p>\n<p>&nbsp;<\/p>\n<p>Sabendo a import\u00e2ncia do curso para as atividades dos servidores, a coordena\u00e7\u00e3o da Vigil\u00e2ncia Sanit\u00e1ria disponibilizou os agentes de combate a endemias para a capacita\u00e7\u00e3o, com equipe dividida em duas turmas, a primeira nesta quarta e a segunda na sexta-feira (21).<\/p>\n<p>&nbsp;<\/p>\n<p>Os ACEs receberam informa\u00e7\u00f5es sobre como agir inicialmente em situa\u00e7\u00f5es de urg\u00eancia e emerg\u00eancia, incluindo no\u00e7\u00f5es gerais sobre engasgos, queimaduras, intoxica\u00e7\u00e3o e paradas respirat\u00f3rias e card\u00edacas. Tamb\u00e9m foi explanado sobre situa\u00e7\u00f5es que envolvam sangramentos e fraturas.<\/p>\n<p>&nbsp;<\/p>\n<p>Na parte pr\u00e1tica, os servidores realizaram algumas manobras de desengasgo e de ressuscita\u00e7\u00e3o para terem no\u00e7\u00e3o de qual a forma correta de realiza-las, al\u00e9m de estarem sendo sempre orientados pelos bombeiros e, antes das manobras, acionarem o SAMU ou o Corpo de Bombeiros nos n\u00fameros 192 e 193 respectivamente.<\/p>\n<p>&nbsp;<\/p>\n<p>O agente de combate \u00e0s endemias Jos\u00e9 Messias falou sobre a import\u00e2ncia de participar do curso de primeiros socorros. \u201cTodo o conhecimento dispon\u00edvel \u00e9 bom para podermos ajudar as pessoas. Por exemplo, quando chegarmos em uma casa e tiver uma pessoa engasgada, saberemos como agir. Ou em situa\u00e7\u00f5es mais graves, poderemos dar assist\u00eancia at\u00e9 o socorro chegar e isso pode ser determinante para salvar uma vida\u201d, relatou o servidor.<\/p>\n<p>&nbsp;<\/p>\n<p>&nbsp;<\/p>\n<p>&nbsp;<\/p>\n<p><strong>por Gabriela Flores \u2013 jornalista e social media SEMS<\/strong><\/p>\n<p>&nbsp;<\/p>\n","protected":false},"excerpt":{"rendered":"<p>Agentes de combate \u00e0s endemias (ACEs) participaram da \u00faltima aula do curso t\u00e9cnico \u201cSa\u00fade com Agente\u201d, qualifica\u00e7\u00e3o que tem apoio da Prefeitura de Penedo e \u00e9 realizada em parceria com a UFRGS e o Minist\u00e9rio da Sa\u00fade. A capacita\u00e7\u00e3o foi ministrada na quarta-feira, 19, por equipe do 6\u00b0 Grupamento de Bombeiros Militar, com participa\u00e7\u00e3o da &hellip;<\/p>\n","protected":false},"author":2,"featured_media":28759,"comment_status":"open","ping_status":"open","sticky":false,"template":"","format":"standard","meta":{"_jetpack_memberships_contains_paid_content":false,"footnotes":""},"categories":[1,3],"tags":[],"class_list":["post-28758","post","type-post","status-publish","format-standard","has-post-thumbnail","hentry","category-destaque","category-penedo"],"jetpack_featured_media_url":"https:\/\/www.oparanews.com.br\/wp-content\/uploads\/2023\/07\/curso-primeiros-socorros-sems-penedo-5-1068x712-1.jpeg","jetpack_sharing_enabled":true,"_links":{"self":[{"href":"https:\/\/www.oparanews.com.br\/index.php\/wp-json\/wp\/v2\/posts\/28758","targetHints":{"allow":["GET"]}}],"collection":[{"href":"https:\/\/www.oparanews.com.br\/index.php\/wp-json\/wp\/v2\/posts"}],"about":[{"href":"https:\/\/www.oparanews.com.br\/index.php\/wp-json\/wp\/v2\/types\/post"}],"author":[{"embeddable":true,"href":"https:\/\/www.oparanews.com.br\/index.php\/wp-json\/wp\/v2\/users\/2"}],"replies":[{"embeddable":true,"href":"https:\/\/www.oparanews.com.br\/index.php\/wp-json\/wp\/v2\/comments?post=28758"}],"version-history":[{"count":1,"href":"https:\/\/www.oparanews.com.br\/index.php\/wp-json\/wp\/v2\/posts\/28758\/revisions"}],"predecessor-version":[{"id":28760,"href":"https:\/\/www.oparanews.com.br\/index.php\/wp-json\/wp\/v2\/posts\/28758\/revisions\/28760"}],"wp:featuredmedia":[{"embeddable":true,"href":"https:\/\/www.oparanews.com.br\/index.php\/wp-json\/wp\/v2\/media\/28759"}],"wp:attachment":[{"href":"https:\/\/www.oparanews.com.br\/index.php\/wp-json\/wp\/v2\/media?parent=28758"}],"wp:term":[{"taxonomy":"category","embeddable":true,"href":"https:\/\/www.oparanews.com.br\/index.php\/wp-json\/wp\/v2\/categories?post=28758"},{"taxonomy":"post_tag","embeddable":true,"href":"https:\/\/www.oparanews.com.br\/index.php\/wp-json\/wp\/v2\/tags?post=28758"}],"curies":[{"name":"wp","href":"https:\/\/api.w.org\/{rel}","templated":true}]}}