{"id":28768,"date":"2023-07-21T08:55:49","date_gmt":"2023-07-21T11:55:49","guid":{"rendered":"https:\/\/www.oparanews.com.br\/?p=28768"},"modified":"2023-07-21T08:55:49","modified_gmt":"2023-07-21T11:55:49","slug":"programa-penedo-inclusiva-amplia-assistencia-da-educacao-especial-para-estudantes-pais-e-professores","status":"publish","type":"post","link":"https:\/\/www.oparanews.com.br\/index.php\/2023\/07\/21\/programa-penedo-inclusiva-amplia-assistencia-da-educacao-especial-para-estudantes-pais-e-professores\/","title":{"rendered":"Programa Penedo Inclusiva amplia assist\u00eancia da Educa\u00e7\u00e3o Especial para estudantes, pais e professores"},"content":{"rendered":"<p>A Prefeitura de Penedo lan\u00e7ou nesta quinta-feira, 20, o Programa Penedo Inclusiva, a\u00e7\u00e3o do governo Ronaldo Lopes\/Jo\u00e3o Lucas que, al\u00e9m dos benef\u00edcios para estudantes neurodivergentes, tamb\u00e9m atender\u00e1 pais e professores.<\/p>\n<p>&nbsp;<\/p>\n<p>A mais recente inova\u00e7\u00e3o nas escolas da Secretaria Municipal de Educa\u00e7\u00e3o (Semed) \u00e9 um marco in\u00e9dito no ensino p\u00fablico e privado de Alagoas porque utiliza o Cognvox, plataforma desenvolvida pela Universidade Federal Rural de Pernambuco para uso de toda comunidade escolar.<\/p>\n<p>&nbsp;<\/p>\n<p>O programa revolucion\u00e1rio para a Educa\u00e7\u00e3o Especial foi apresentado inicialmente para diretores e coordenadores de toda a rede da Semed, primeiro passo do trabalho que encontra em Penedo o ambiente perfeito para sua aplica\u00e7\u00e3o.<\/p>\n<p><a href=\"http:\/\/www.oparanews.com.br\/wp-content\/uploads\/2023\/07\/penedo-inclusiva-foto-deywisson-duarte-1.jpeg\"><img loading=\"lazy\" decoding=\"async\" class=\"aligncenter size-full wp-image-28770\" src=\"http:\/\/www.oparanews.com.br\/wp-content\/uploads\/2023\/07\/penedo-inclusiva-foto-deywisson-duarte-1.jpeg\" alt=\"\" width=\"1600\" height=\"1066\" srcset=\"https:\/\/www.oparanews.com.br\/wp-content\/uploads\/2023\/07\/penedo-inclusiva-foto-deywisson-duarte-1.jpeg 1600w, https:\/\/www.oparanews.com.br\/wp-content\/uploads\/2023\/07\/penedo-inclusiva-foto-deywisson-duarte-1-300x200.jpeg 300w, https:\/\/www.oparanews.com.br\/wp-content\/uploads\/2023\/07\/penedo-inclusiva-foto-deywisson-duarte-1-1024x682.jpeg 1024w, https:\/\/www.oparanews.com.br\/wp-content\/uploads\/2023\/07\/penedo-inclusiva-foto-deywisson-duarte-1-768x512.jpeg 768w, https:\/\/www.oparanews.com.br\/wp-content\/uploads\/2023\/07\/penedo-inclusiva-foto-deywisson-duarte-1-1536x1023.jpeg 1536w\" sizes=\"auto, (max-width: 1600px) 100vw, 1600px\" \/><\/a><\/p>\n<p>Com as inova\u00e7\u00f5es tecnol\u00f3gicas implantadas por Ronaldo Lopes, especialmente na Secretaria Municipal de Educa\u00e7\u00e3o, o Programa Penedo Inclusiva chega contando com aliados importantes, como as plataformas Trakto Edu e Google for Education.<\/p>\n<p>&nbsp;<\/p>\n<p>No tablet de cada estudante, programas espec\u00edficos do Cognvox ir\u00e3o identificar potencialidades e dificuldades, apontadas em relat\u00f3rios individualizados, tudo isso sob acompanhamento dos professores regentes e auxiliares de sala que assistem alunos e alunas com algum tipo de defici\u00eancia intelectual.<\/p>\n<p>&nbsp;<\/p>\n<p>E quem tem esse contato di\u00e1rio com estudantes da Educa\u00e7\u00e3o Especial da Semed Penedo tamb\u00e9m ser\u00e1 constantemente atualizado. Cursos EaD est\u00e3o dispon\u00edveis no Cognovox, investimento que \u00e9 muito mais do que um software.<\/p>\n<p>&nbsp;<\/p>\n<p>Tratado como pol\u00edtica p\u00fablica, a parceria entre a Prefeitura de Penedo e a empresa sediada em Recife-PE inclui ainda pais e respons\u00e1veis pelos estudantes com algum tipo de defici\u00eancia intelectual, p\u00fablico que ser\u00e1 orientado mensalmente por psic\u00f3logos, atrav\u00e9s de teleconsultas, sobre aspectos identificados nos relat\u00f3rios dos filhos.<\/p>\n<p>&nbsp;<\/p>\n<p>Tudo isso estar\u00e1 dispon\u00edvel nas escolas da Prefeitura de Penedo, rede com estrutura, equipamentos e investimentos nunca vistos na Semed, pasta que tem 310 estudantes na Educa\u00e7\u00e3o Especial em 2023, da creche \u00e0 Educa\u00e7\u00e3o para Jovens e Adultos, n\u00famero que \u00e9 quase o dobro do ano passado.<\/p>\n<p>&nbsp;<\/p>\n<p>\u201cContamos com quatro salas de recursos multifuncionais (escolas Manoel Soares, Santa Luzia, Bar\u00e3o de Penedo e Costa Mangabeira) e todas contam com equipamentos, recursos de acessibilidade e materiais pedag\u00f3gicos capazes de potencializar o processo de escolariza\u00e7\u00e3o desses estudantes\u201d, explica o gestor da Semed Penedo, Luciano Lucena, informando sobre o atendimento feito no contraturno das aulas regulares.<\/p>\n<p>&nbsp;<\/p>\n<p>Das 310 matr\u00edculas feitas este ano, inclusive por fam\u00edlias que n\u00e3o tinham em escola particular a assist\u00eancia dispon\u00edvel nas unidades de ensino da Prefeitura de Penedo, 293 s\u00e3o alunos e alunas neurodivergentes, conforme os laudos apresentados, a saber: Defici\u00eancia Intelectual, Paralisia Cerebral, Transtorno do Espectro Autista (TEA), Transtorno Global do Desenvolvimento (TGD), Transtorno de D\u00e9ficit de Aten\u00e7\u00e3o e Hiperatividade \u2013 (TDAH),, Microcefalia, Retardo Mental, Transtorno Opositor Desafiador (TOD), Dist\u00farbio de Aprendizagem e da Aten\u00e7\u00e3o (DAA), S\u00edndrome de Down, Atraso Neurol\u00f3gico Global, Defici\u00eancia Mental, Dislexia, Transtorno do Desenvolvimento.<\/p>\n<p>&nbsp;<\/p>\n<p>&nbsp;<\/p>\n<p>&nbsp;<\/p>\n<p><strong>Fonte: Secom PMP<\/strong><\/p>\n<p>&nbsp;<\/p>\n","protected":false},"excerpt":{"rendered":"<p>A Prefeitura de Penedo lan\u00e7ou nesta quinta-feira, 20, o Programa Penedo Inclusiva, a\u00e7\u00e3o do governo Ronaldo Lopes\/Jo\u00e3o Lucas que, al\u00e9m dos benef\u00edcios para estudantes neurodivergentes, tamb\u00e9m atender\u00e1 pais e professores. &nbsp; A mais recente inova\u00e7\u00e3o nas escolas da Secretaria Municipal de Educa\u00e7\u00e3o (Semed) \u00e9 um marco in\u00e9dito no ensino p\u00fablico e privado de Alagoas porque &hellip;<\/p>\n","protected":false},"author":2,"featured_media":28769,"comment_status":"open","ping_status":"open","sticky":false,"template":"","format":"standard","meta":{"_jetpack_memberships_contains_paid_content":false,"footnotes":""},"categories":[1,3],"tags":[],"class_list":["post-28768","post","type-post","status-publish","format-standard","has-post-thumbnail","hentry","category-destaque","category-penedo"],"jetpack_featured_media_url":"https:\/\/www.oparanews.com.br\/wp-content\/uploads\/2023\/07\/penedo-inclusiva-foto-deywisson-duarte.jpeg","jetpack_sharing_enabled":true,"_links":{"self":[{"href":"https:\/\/www.oparanews.com.br\/index.php\/wp-json\/wp\/v2\/posts\/28768","targetHints":{"allow":["GET"]}}],"collection":[{"href":"https:\/\/www.oparanews.com.br\/index.php\/wp-json\/wp\/v2\/posts"}],"about":[{"href":"https:\/\/www.oparanews.com.br\/index.php\/wp-json\/wp\/v2\/types\/post"}],"author":[{"embeddable":true,"href":"https:\/\/www.oparanews.com.br\/index.php\/wp-json\/wp\/v2\/users\/2"}],"replies":[{"embeddable":true,"href":"https:\/\/www.oparanews.com.br\/index.php\/wp-json\/wp\/v2\/comments?post=28768"}],"version-history":[{"count":1,"href":"https:\/\/www.oparanews.com.br\/index.php\/wp-json\/wp\/v2\/posts\/28768\/revisions"}],"predecessor-version":[{"id":28771,"href":"https:\/\/www.oparanews.com.br\/index.php\/wp-json\/wp\/v2\/posts\/28768\/revisions\/28771"}],"wp:featuredmedia":[{"embeddable":true,"href":"https:\/\/www.oparanews.com.br\/index.php\/wp-json\/wp\/v2\/media\/28769"}],"wp:attachment":[{"href":"https:\/\/www.oparanews.com.br\/index.php\/wp-json\/wp\/v2\/media?parent=28768"}],"wp:term":[{"taxonomy":"category","embeddable":true,"href":"https:\/\/www.oparanews.com.br\/index.php\/wp-json\/wp\/v2\/categories?post=28768"},{"taxonomy":"post_tag","embeddable":true,"href":"https:\/\/www.oparanews.com.br\/index.php\/wp-json\/wp\/v2\/tags?post=28768"}],"curies":[{"name":"wp","href":"https:\/\/api.w.org\/{rel}","templated":true}]}}