{"id":28772,"date":"2023-07-22T10:59:34","date_gmt":"2023-07-22T13:59:34","guid":{"rendered":"https:\/\/www.oparanews.com.br\/?p=28772"},"modified":"2023-07-22T10:59:34","modified_gmt":"2023-07-22T13:59:34","slug":"penedo-conectada-prefeitura-de-penedo-lanca-programa-que-oferece-internet-gratuita-em-pracas-publicas","status":"publish","type":"post","link":"https:\/\/www.oparanews.com.br\/index.php\/2023\/07\/22\/penedo-conectada-prefeitura-de-penedo-lanca-programa-que-oferece-internet-gratuita-em-pracas-publicas\/","title":{"rendered":"Penedo Conectada: Prefeitura de Penedo lan\u00e7a programa que oferece internet gratuita em pra\u00e7as p\u00fablicas"},"content":{"rendered":"<p>Numa sexta-feira repleta de expectativa, no Povoado Tabuleiro dos Negros, em Penedo, ocorreu o lan\u00e7amento do programa \u201cPenedo Conectada\u201d, pela gest\u00e3o do prefeito Ronaldo Lopes, e do vice-prefeito Jo\u00e3o Lucas. O an\u00fancio do projeto ocorreu em um cen\u00e1rio de celebra\u00e7\u00e3o, durante a inaugura\u00e7\u00e3o da Pra\u00e7a Le\u00f4ncio Matias.<\/p>\n<p>&nbsp;<\/p>\n<p>Em palavras do prefeito Ronaldo Lopes, a ideia \u00e9 \u201clevar mais acessibilidade aos penedenses, focando especialmente em \u00e1reas mais carentes e nos povoados de Penedo\u201d.<\/p>\n<p>&nbsp;<\/p>\n<p>Gustavo Alencar, secret\u00e1rio de Planejamento e Gest\u00e3o, ressaltou os benef\u00edcios desta iniciativa, que proporciona um entretenimento adicional aos que frequentam as pra\u00e7as.<\/p>\n<p>&nbsp;<\/p>\n<p>O diferencial do programa \u201cPenedo Conectada\u201d reside na qualidade do servi\u00e7o de conex\u00e3o. O acesso \u00e0 internet, ilimitado e sem restri\u00e7\u00e3o de dura\u00e7\u00e3o, permite que um grande n\u00famero de usu\u00e1rios se conecte simultaneamente, sem prejudicar a velocidade da conex\u00e3o. Durante o teste de lan\u00e7amento, mais de 200 pessoas puderam constatar essa caracter\u00edstica em tempo real.<\/p>\n<p><a href=\"http:\/\/www.oparanews.com.br\/wp-content\/uploads\/2023\/07\/WhatsApp-Image-2023-07-21-at-20.03.29.jpeg\"><img loading=\"lazy\" decoding=\"async\" class=\"aligncenter size-full wp-image-28774\" src=\"http:\/\/www.oparanews.com.br\/wp-content\/uploads\/2023\/07\/WhatsApp-Image-2023-07-21-at-20.03.29.jpeg\" alt=\"\" width=\"720\" height=\"1280\" srcset=\"https:\/\/www.oparanews.com.br\/wp-content\/uploads\/2023\/07\/WhatsApp-Image-2023-07-21-at-20.03.29.jpeg 720w, https:\/\/www.oparanews.com.br\/wp-content\/uploads\/2023\/07\/WhatsApp-Image-2023-07-21-at-20.03.29-169x300.jpeg 169w, https:\/\/www.oparanews.com.br\/wp-content\/uploads\/2023\/07\/WhatsApp-Image-2023-07-21-at-20.03.29-576x1024.jpeg 576w\" sizes=\"auto, (max-width: 720px) 100vw, 720px\" \/><\/a><\/p>\n<p><strong>OUTROS PONTOS EM PENEDO<\/strong><\/p>\n<p>&nbsp;<\/p>\n<p>No entanto, a inova\u00e7\u00e3o n\u00e3o para por a\u00ed. A Pra\u00e7a Ces\u00e1rio Proc\u00f3pio dos M\u00e1rtires, localizada no Conjunto Jos\u00e9 Moraes Lopes (COHAB), um local bastante frequentado pelos moradores, tamb\u00e9m j\u00e1 est\u00e1 com internet gratuita fornecida pela gest\u00e3o Penedo Crescendo com seu povo. At\u00e9 o final da primeira etapa do \u201cPenedo Conectada\u201d, estima-se que cerca de 10 locais diferentes em Penedo ser\u00e3o beneficiados. Essa expans\u00e3o refor\u00e7a o compromisso da prefeitura em promover uma cidade cada vez mais conectada e atualizada.<\/p>\n<p>&nbsp;<\/p>\n<p><strong>O QUE \u00c9 O PENEDO CONECTADA<\/strong><\/p>\n<p>&nbsp;<\/p>\n<p>A proposta do \u201cPenedo Conectada\u201d \u00e9 assegurar o acesso gratuito \u00e0 internet para residentes e visitantes em v\u00e1rios pontos de Penedo. Isso \u00e9 poss\u00edvel por meio da instala\u00e7\u00e3o de roteadores em pra\u00e7as p\u00fablicas dos diversos bairros e povoados, com a finalidade de promover a inclus\u00e3o digital e facilitar a chegada \u00e0 informa\u00e7\u00e3o e a recursos online.<\/p>\n<p>&nbsp;<\/p>\n<p>Ao implementar o \u201cPenedo Conectada\u201d, a administra\u00e7\u00e3o municipal destaca a relev\u00e2ncia da conectividade para impulsionar o desenvolvimento social, educacional e econ\u00f4mico da cidade. Com a disponibiliza\u00e7\u00e3o de internet gratuita em locais p\u00fablicos, o programa aumenta as chances de acesso ao conhecimento, servi\u00e7os e oportunidades no ambiente digital, beneficiando a popula\u00e7\u00e3o local e incentivando a intera\u00e7\u00e3o digital.<\/p>\n<p>&nbsp;<\/p>\n<p>Esta a\u00e7\u00e3o retrata o compromisso da Prefeitura de Penedo em fomentar a inclus\u00e3o digital e assegurar um acesso igualit\u00e1rio \u00e0s tecnologias de informa\u00e7\u00e3o e comunica\u00e7\u00e3o. O \u201cPenedo Conectada\u201d \u00e9 um avan\u00e7o significativo para transformar nossa cidade em uma comunidade mais integrada digitalmente, possibilitando que todos tirem proveito dos benef\u00edcios da era digital e contribuam para o desenvolvimento sustent\u00e1vel e progresso de Penedo.<\/p>\n<p>&nbsp;<\/p>\n<p>&nbsp;<\/p>\n<p>&nbsp;<\/p>\n<p><strong>Fonte: Secom PMP<\/strong><\/p>\n<p>&nbsp;<\/p>\n","protected":false},"excerpt":{"rendered":"<p>Numa sexta-feira repleta de expectativa, no Povoado Tabuleiro dos Negros, em Penedo, ocorreu o lan\u00e7amento do programa \u201cPenedo Conectada\u201d, pela gest\u00e3o do prefeito Ronaldo Lopes, e do vice-prefeito Jo\u00e3o Lucas. O an\u00fancio do projeto ocorreu em um cen\u00e1rio de celebra\u00e7\u00e3o, durante a inaugura\u00e7\u00e3o da Pra\u00e7a Le\u00f4ncio Matias. &nbsp; Em palavras do prefeito Ronaldo Lopes, a &hellip;<\/p>\n","protected":false},"author":2,"featured_media":28773,"comment_status":"open","ping_status":"open","sticky":false,"template":"","format":"standard","meta":{"_jetpack_memberships_contains_paid_content":false,"footnotes":""},"categories":[1,3],"tags":[],"class_list":["post-28772","post","type-post","status-publish","format-standard","has-post-thumbnail","hentry","category-destaque","category-penedo"],"jetpack_featured_media_url":"https:\/\/www.oparanews.com.br\/wp-content\/uploads\/2023\/07\/praca-tabuleiro.jpg","jetpack_sharing_enabled":true,"_links":{"self":[{"href":"https:\/\/www.oparanews.com.br\/index.php\/wp-json\/wp\/v2\/posts\/28772","targetHints":{"allow":["GET"]}}],"collection":[{"href":"https:\/\/www.oparanews.com.br\/index.php\/wp-json\/wp\/v2\/posts"}],"about":[{"href":"https:\/\/www.oparanews.com.br\/index.php\/wp-json\/wp\/v2\/types\/post"}],"author":[{"embeddable":true,"href":"https:\/\/www.oparanews.com.br\/index.php\/wp-json\/wp\/v2\/users\/2"}],"replies":[{"embeddable":true,"href":"https:\/\/www.oparanews.com.br\/index.php\/wp-json\/wp\/v2\/comments?post=28772"}],"version-history":[{"count":1,"href":"https:\/\/www.oparanews.com.br\/index.php\/wp-json\/wp\/v2\/posts\/28772\/revisions"}],"predecessor-version":[{"id":28775,"href":"https:\/\/www.oparanews.com.br\/index.php\/wp-json\/wp\/v2\/posts\/28772\/revisions\/28775"}],"wp:featuredmedia":[{"embeddable":true,"href":"https:\/\/www.oparanews.com.br\/index.php\/wp-json\/wp\/v2\/media\/28773"}],"wp:attachment":[{"href":"https:\/\/www.oparanews.com.br\/index.php\/wp-json\/wp\/v2\/media?parent=28772"}],"wp:term":[{"taxonomy":"category","embeddable":true,"href":"https:\/\/www.oparanews.com.br\/index.php\/wp-json\/wp\/v2\/categories?post=28772"},{"taxonomy":"post_tag","embeddable":true,"href":"https:\/\/www.oparanews.com.br\/index.php\/wp-json\/wp\/v2\/tags?post=28772"}],"curies":[{"name":"wp","href":"https:\/\/api.w.org\/{rel}","templated":true}]}}