{"id":28815,"date":"2023-07-26T07:56:24","date_gmt":"2023-07-26T10:56:24","guid":{"rendered":"https:\/\/www.oparanews.com.br\/?p=28815"},"modified":"2023-07-26T07:56:24","modified_gmt":"2023-07-26T10:56:24","slug":"penedo-recebe-2a-edicao-do-trakto-show-com-inscricoes-gratuitas","status":"publish","type":"post","link":"https:\/\/www.oparanews.com.br\/index.php\/2023\/07\/26\/penedo-recebe-2a-edicao-do-trakto-show-com-inscricoes-gratuitas\/","title":{"rendered":"Penedo recebe 2\u00aa edi\u00e7\u00e3o do Trakto Show com inscri\u00e7\u00f5es gratuitas"},"content":{"rendered":"<p>Penedo, cidade do Baixo S\u00e3o Francisco de Alagoas, vai receber a segunda edi\u00e7\u00e3o do Trakto Show, nos dias 23 e 24 de setembro deste ano. O evento, que j\u00e1 se tornou tradicional por movimentar o cen\u00e1rio empreendedor no Nordeste brasileiro, vai contar com uma programa\u00e7\u00e3o diversificada com palestras, arenas e atra\u00e7\u00f5es culturais.<\/p>\n<p>&nbsp;<\/p>\n<p>O evento \u00e9 gratuito e os interessados j\u00e1 podem fazer sua inscri\u00e7\u00e3o aqui (<a href=\"https:\/\/www.traktoshow.com\/penedo\"><strong>http:\/\/www.traktoshow.com\/penedo<\/strong><\/a>).<\/p>\n<p>&nbsp;<\/p>\n<p>De acordo com o CEO da Trakto, Paulo Ten\u00f3rio, a expectativa \u00e9 que, diariamente, cerca de cinco mil pessoas visitem as arenas do evento.<\/p>\n<p>&nbsp;<\/p>\n<p>\u201cEstamos felizes demais em montar a segunda edi\u00e7\u00e3o do Trakto Show nessa cidade que \u00e9 reconhecidamente criativa, atraindo neg\u00f3cios e potencializando os empreendedores locais. Com a parceria da Prefeitura de Penedo, a edi\u00e7\u00e3o de 2022 foi um sucesso e neste ano vamos refor\u00e7ar essa uni\u00e3o&#8221;, afirmou Paulo Ten\u00f3rio, ressaltando que, em breve, ser\u00e1 divulgado os nomes dos palestrantes e as atra\u00e7\u00f5es.<\/p>\n<p>&nbsp;<\/p>\n<p>Cada arena representar\u00e1 um mundo diferente, com conte\u00fado inspiracional, forma\u00e7\u00e3o empreendedora e t\u00e9cnica, al\u00e9m de atra\u00e7\u00f5es culturais para todas as idades, com destaque para a inclus\u00e3o do p\u00fablico infantil.<\/p>\n<p>&nbsp;<\/p>\n<p>Os palcos do Trakto Show Penedo ser\u00e3o montados em v\u00e1rios locais da orla e centro hist\u00f3rico da cidade, como o Centro de Conven\u00e7\u00f5es e o Theatro 7 de Setembro.<\/p>\n<p>&nbsp;<\/p>\n<p>Neste ano, a ideia \u00e9 expandir o potencial de fomentar neg\u00f3cios, inspirando empreendedores e profissionais da inova\u00e7\u00e3o, al\u00e9m de levar est\u00edmulo \u00e0 economia criativa tamb\u00e9m para o interior de Alagoas.<\/p>\n<p>&nbsp;<\/p>\n<p><strong>Servi\u00e7o:<\/strong><\/p>\n<p>&nbsp;<\/p>\n<p>Trakto Show Penedo<\/p>\n<p>Quando: 23 e 24 de setembro de 2023<\/p>\n<p>Onde: Centro Hist\u00f3rico (Penedo-AL)<\/p>\n<p>Para garantir a vaga: http:\/\/www.traktoshow.com\/penedo<\/p>\n<p>&nbsp;<\/p>\n<p><strong>Sobre a Trakto<\/strong><\/p>\n<p>&nbsp;<\/p>\n<p>A Trakto Design \u00e9 uma ferramenta global de design escal\u00e1vel com intelig\u00eancia artificial para empresas.<\/p>\n<p>&nbsp;<\/p>\n<p>A startup alagoana foi fundada em Macei\u00f3 (AL) h\u00e1 10 anos. Com quase 1 milh\u00e3o de usu\u00e1rios em sua plataforma, a startup oferece aos empreendedores digitais v\u00e1rias ferramentas para seus neg\u00f3cios, como apresenta\u00e7\u00f5es, propostas comerciais, contratos, e-books, posts para redes sociais, entre outros servi\u00e7os.<\/p>\n<p>&nbsp;<\/p>\n<p>Em 2022, realizou a quinta edi\u00e7\u00e3o do Trakto Show Macei\u00f3 e a primeira edi\u00e7\u00e3o do Trakto Show Penedo, considerado o maior evento combinado de tecnologia, inova\u00e7\u00e3o e empreendedorismo do Nordeste brasileiro.<\/p>\n<p>&nbsp;<\/p>\n<p>Em 2023, a empresa lan\u00e7ou a Trakto Educa\u00e7\u00e3o, uma plataforma de solu\u00e7\u00f5es para promover a digitaliza\u00e7\u00e3o do ensino p\u00fablico, a inclus\u00e3o tecnol\u00f3gica de comunidades escolares inteiras e, assim, contribuir para aprimorar os indicadores de qualidade da educa\u00e7\u00e3o.<\/p>\n<p>&nbsp;<\/p>\n<p>&nbsp;<\/p>\n<p>&nbsp;<\/p>\n<p><strong>Fonte: com assessoria<\/strong><\/p>\n<p>&nbsp;<\/p>\n","protected":false},"excerpt":{"rendered":"<p>Penedo, cidade do Baixo S\u00e3o Francisco de Alagoas, vai receber a segunda edi\u00e7\u00e3o do Trakto Show, nos dias 23 e 24 de setembro deste ano. O evento, que j\u00e1 se tornou tradicional por movimentar o cen\u00e1rio empreendedor no Nordeste brasileiro, vai contar com uma programa\u00e7\u00e3o diversificada com palestras, arenas e atra\u00e7\u00f5es culturais. &nbsp; O evento &hellip;<\/p>\n","protected":false},"author":2,"featured_media":28816,"comment_status":"open","ping_status":"open","sticky":false,"template":"","format":"standard","meta":{"_jetpack_memberships_contains_paid_content":false,"footnotes":""},"categories":[1,3],"tags":[],"class_list":["post-28815","post","type-post","status-publish","format-standard","has-post-thumbnail","hentry","category-destaque","category-penedo"],"jetpack_featured_media_url":"https:\/\/www.oparanews.com.br\/wp-content\/uploads\/2023\/07\/asuush.jpg","jetpack_sharing_enabled":true,"_links":{"self":[{"href":"https:\/\/www.oparanews.com.br\/index.php\/wp-json\/wp\/v2\/posts\/28815","targetHints":{"allow":["GET"]}}],"collection":[{"href":"https:\/\/www.oparanews.com.br\/index.php\/wp-json\/wp\/v2\/posts"}],"about":[{"href":"https:\/\/www.oparanews.com.br\/index.php\/wp-json\/wp\/v2\/types\/post"}],"author":[{"embeddable":true,"href":"https:\/\/www.oparanews.com.br\/index.php\/wp-json\/wp\/v2\/users\/2"}],"replies":[{"embeddable":true,"href":"https:\/\/www.oparanews.com.br\/index.php\/wp-json\/wp\/v2\/comments?post=28815"}],"version-history":[{"count":1,"href":"https:\/\/www.oparanews.com.br\/index.php\/wp-json\/wp\/v2\/posts\/28815\/revisions"}],"predecessor-version":[{"id":28817,"href":"https:\/\/www.oparanews.com.br\/index.php\/wp-json\/wp\/v2\/posts\/28815\/revisions\/28817"}],"wp:featuredmedia":[{"embeddable":true,"href":"https:\/\/www.oparanews.com.br\/index.php\/wp-json\/wp\/v2\/media\/28816"}],"wp:attachment":[{"href":"https:\/\/www.oparanews.com.br\/index.php\/wp-json\/wp\/v2\/media?parent=28815"}],"wp:term":[{"taxonomy":"category","embeddable":true,"href":"https:\/\/www.oparanews.com.br\/index.php\/wp-json\/wp\/v2\/categories?post=28815"},{"taxonomy":"post_tag","embeddable":true,"href":"https:\/\/www.oparanews.com.br\/index.php\/wp-json\/wp\/v2\/tags?post=28815"}],"curies":[{"name":"wp","href":"https:\/\/api.w.org\/{rel}","templated":true}]}}