{"id":28860,"date":"2023-08-02T08:23:30","date_gmt":"2023-08-02T11:23:30","guid":{"rendered":"https:\/\/www.oparanews.com.br\/?p=28860"},"modified":"2023-08-02T08:23:30","modified_gmt":"2023-08-02T11:23:30","slug":"prefeitura-de-penedo-prorroga-prazo-de-pagamento-da-cota-unica-e-da-primeira-parcela-do-iptu-2023","status":"publish","type":"post","link":"https:\/\/www.oparanews.com.br\/index.php\/2023\/08\/02\/prefeitura-de-penedo-prorroga-prazo-de-pagamento-da-cota-unica-e-da-primeira-parcela-do-iptu-2023\/","title":{"rendered":"Prefeitura de Penedo prorroga prazo de pagamento da cota \u00fanica e da primeira parcela do IPTU 2023"},"content":{"rendered":"<p>O prazo final para quitar o IPTU 2023 com o pagamento da cota \u00fanica ou iniciar a obriga\u00e7\u00e3o cidad\u00e3 em sua primeira parcela est\u00e1 prorrogada pela Prefeitura de Penedo.<\/p>\n<p>&nbsp;<\/p>\n<p>A medida adotada pelo Prefeito Ronaldo Lopes est\u00e1 expressa no Decreto Municipal 861 (confira documento abaixo do texto), publicado neste 1\u00ba de agosto no Di\u00e1rio Oficial do Munic\u00edpio.<\/p>\n<p>&nbsp;<\/p>\n<p>O prazo atual para pagamento da cota \u00fanica do IPTU 2023 e da primeira parcela do imposto termina no final do m\u00eas, no dia 31 de agosto, com direito a desconto.<\/p>\n<p>&nbsp;<\/p>\n<p>Com a prorroga\u00e7\u00e3o, o calend\u00e1rio do imposto tamb\u00e9m foi alterado, conforme consta no decreto abaixo.<\/p>\n<p>&nbsp;<\/p>\n<p><a href=\"https:\/\/sai.io.org.br\/Handler.ashx?f=diario&amp;query=3068&amp;c=11064&amp;m=0\"><strong>Decreto Municipal n\u00ba 861, publicado no Di\u00e1rio Oficial do Munic\u00edpio neste 1\u00ba dia do m\u00eas de agosto do ano 2023.<\/strong><\/a><\/p>\n<p>&nbsp;<\/p>\n<p><a href=\"https:\/\/penedo.al.gov.br\/wp-content\/uploads\/2023\/08\/Decrreto-Municipal-no-861-2023.pdf\"><strong>Decrreto Municipal n\u00ba 861-2023<\/strong><\/a><\/p>\n<p>&nbsp;<\/p>\n<p>&nbsp;<\/p>\n<p>&nbsp;<\/p>\n<p><strong>Fonte: Secom PMP<\/strong><\/p>\n<p>&nbsp;<\/p>\n","protected":false},"excerpt":{"rendered":"<p>O prazo final para quitar o IPTU 2023 com o pagamento da cota \u00fanica ou iniciar a obriga\u00e7\u00e3o cidad\u00e3 em sua primeira parcela est\u00e1 prorrogada pela Prefeitura de Penedo. &nbsp; A medida adotada pelo Prefeito Ronaldo Lopes est\u00e1 expressa no Decreto Municipal 861 (confira documento abaixo do texto), publicado neste 1\u00ba de agosto no Di\u00e1rio &hellip;<\/p>\n","protected":false},"author":2,"featured_media":28861,"comment_status":"open","ping_status":"open","sticky":false,"template":"","format":"standard","meta":{"_jetpack_memberships_contains_paid_content":false,"footnotes":""},"categories":[1,3],"tags":[],"class_list":["post-28860","post","type-post","status-publish","format-standard","has-post-thumbnail","hentry","category-destaque","category-penedo"],"jetpack_featured_media_url":"https:\/\/www.oparanews.com.br\/wp-content\/uploads\/2023\/08\/sefaz-penedo-prorroga.jpg","jetpack_sharing_enabled":true,"_links":{"self":[{"href":"https:\/\/www.oparanews.com.br\/index.php\/wp-json\/wp\/v2\/posts\/28860","targetHints":{"allow":["GET"]}}],"collection":[{"href":"https:\/\/www.oparanews.com.br\/index.php\/wp-json\/wp\/v2\/posts"}],"about":[{"href":"https:\/\/www.oparanews.com.br\/index.php\/wp-json\/wp\/v2\/types\/post"}],"author":[{"embeddable":true,"href":"https:\/\/www.oparanews.com.br\/index.php\/wp-json\/wp\/v2\/users\/2"}],"replies":[{"embeddable":true,"href":"https:\/\/www.oparanews.com.br\/index.php\/wp-json\/wp\/v2\/comments?post=28860"}],"version-history":[{"count":1,"href":"https:\/\/www.oparanews.com.br\/index.php\/wp-json\/wp\/v2\/posts\/28860\/revisions"}],"predecessor-version":[{"id":28862,"href":"https:\/\/www.oparanews.com.br\/index.php\/wp-json\/wp\/v2\/posts\/28860\/revisions\/28862"}],"wp:featuredmedia":[{"embeddable":true,"href":"https:\/\/www.oparanews.com.br\/index.php\/wp-json\/wp\/v2\/media\/28861"}],"wp:attachment":[{"href":"https:\/\/www.oparanews.com.br\/index.php\/wp-json\/wp\/v2\/media?parent=28860"}],"wp:term":[{"taxonomy":"category","embeddable":true,"href":"https:\/\/www.oparanews.com.br\/index.php\/wp-json\/wp\/v2\/categories?post=28860"},{"taxonomy":"post_tag","embeddable":true,"href":"https:\/\/www.oparanews.com.br\/index.php\/wp-json\/wp\/v2\/tags?post=28860"}],"curies":[{"name":"wp","href":"https:\/\/api.w.org\/{rel}","templated":true}]}}