{"id":28875,"date":"2023-08-03T15:32:33","date_gmt":"2023-08-03T18:32:33","guid":{"rendered":"https:\/\/www.oparanews.com.br\/?p=28875"},"modified":"2023-08-03T15:32:33","modified_gmt":"2023-08-03T18:32:33","slug":"quatro-unidades-de-saude-da-familia-da-prefeitura-de-penedo-recebem-nota-10-do-previne-brasil","status":"publish","type":"post","link":"https:\/\/www.oparanews.com.br\/index.php\/2023\/08\/03\/quatro-unidades-de-saude-da-familia-da-prefeitura-de-penedo-recebem-nota-10-do-previne-brasil\/","title":{"rendered":"Quatro unidades de sa\u00fade da fam\u00edlia da Prefeitura de Penedo recebem nota 10 do Previne Brasil"},"content":{"rendered":"<p>A equipe do posto de sa\u00fade Ant\u00f4nia Leite da Silva, mais conhecida como S\u00e3o Jos\u00e9, est\u00e1 em festa. O motivo \u00e9 a nota 10 que a unidade da Secretaria de Sa\u00fade de Penedo alcan\u00e7ou no Previne Brasil, com base nos indicadores de sa\u00fade analisados pelo programa federal durante o 1\u00ba quadrimestre de 2023.<\/p>\n<p>&nbsp;<\/p>\n<p>Al\u00e9m do \u2018posto S\u00e3o Jos\u00e9\u2019, mais tr\u00eas Unidades de Sa\u00fade da Fam\u00edlia (USFs) da Prefeitura de Penedo alcan\u00e7aram a nota m\u00e1xima no Previne Brasil durante o mesmo per\u00edodo: USF Vereador Argemiro S\u00e1tiro da Rocha (localizada no bairro Santo Ant\u00f4nio\/Barro Vermelho), USF Centro (que funciona no 3\u00ba Centro de Sa\u00fade, antigo Sesp) e USF Dr. Jairo Leite da Silva, dispon\u00edvel no posto situado no aterro da lagoa do Oiteiro, por tr\u00e1s do F\u00f3rum.<\/p>\n<p>&nbsp;<\/p>\n<p>Al\u00e9m disso, entre as vinte USFs da Secretaria Municipal de Sa\u00fade (SEMS), apenas uma ficou com nota abaixo de nove, na escala que varia de zero a dez.<\/p>\n<p>&nbsp;<\/p>\n<p>Os melhores resultados no Previne Brasil em Penedo foram registrados no posto do Loteamento S\u00e3o Jos\u00e9. A equipe de trabalhou duro para conseguir n\u00fameros como: 95% de cobertura do pr\u00e9-natal (meta 45%), 100% de cobertura de sa\u00fade bucal para gestante (meta 60%) e cobertura vacinal de 100% (meta 95%).<\/p>\n<p><a href=\"http:\/\/www.oparanews.com.br\/wp-content\/uploads\/2023\/08\/WhatsApp-Image-2023-08-02-at-11.30.22.jpeg\"><img loading=\"lazy\" decoding=\"async\" class=\"aligncenter size-full wp-image-28877\" src=\"http:\/\/www.oparanews.com.br\/wp-content\/uploads\/2023\/08\/WhatsApp-Image-2023-08-02-at-11.30.22.jpeg\" alt=\"\" width=\"1296\" height=\"864\" srcset=\"https:\/\/www.oparanews.com.br\/wp-content\/uploads\/2023\/08\/WhatsApp-Image-2023-08-02-at-11.30.22.jpeg 1296w, https:\/\/www.oparanews.com.br\/wp-content\/uploads\/2023\/08\/WhatsApp-Image-2023-08-02-at-11.30.22-300x200.jpeg 300w, https:\/\/www.oparanews.com.br\/wp-content\/uploads\/2023\/08\/WhatsApp-Image-2023-08-02-at-11.30.22-1024x683.jpeg 1024w, https:\/\/www.oparanews.com.br\/wp-content\/uploads\/2023\/08\/WhatsApp-Image-2023-08-02-at-11.30.22-768x512.jpeg 768w\" sizes=\"auto, (max-width: 1296px) 100vw, 1296px\" \/><\/a><\/p>\n<p>Os indicadores do Previne Brasil preveem tamb\u00e9m a coleta de aferi\u00e7\u00f5es de press\u00e3o arterial e identifica\u00e7\u00e3o de diab\u00e9ticos. Entre as estrat\u00e9gias do PSF S\u00e3o Jos\u00e9, est\u00e3o as marca\u00e7\u00f5es de consultas no melhor hor\u00e1rio para o paciente ou, em casos espec\u00edficos, agendar a consulta domiciliar.<\/p>\n<p>&nbsp;<\/p>\n<p>\u201cCriamos um fluxo de atendimento para propiciar um constante monitoramento com press\u00e3o arterial e glicemia de todos os usu\u00e1rios. Sendo marcada consultas com m\u00e9dicos e enfermeiros, j\u00e1 sendo marcado o retorno na unidade e orientando em cada consulta a import\u00e2ncia da educa\u00e7\u00e3o em sa\u00fade com toda essa assist\u00eancia\u201d, disse a Dra. Edna Ramon Garcia.<\/p>\n<p>&nbsp;<\/p>\n<p>O fluxo de atendimento realizado no posto proporcionou a equipe mapear imediatamente as gestantes, que j\u00e1 iniciavam o pr\u00e9-natal o mais r\u00e1pido poss\u00edvel.<\/p>\n<p>&nbsp;<\/p>\n<p>\u201cA nossa equipe tem a capacidade de identificar essa gestante para faz\u00ea-la cumprir com 100% das consultas e testes r\u00e1pidos. A equipe tamb\u00e9m tem a capacidade de rastrear mulheres na idade preconizada, entre 25 a 64 anos, evitando que algu\u00e9m fique de fora\u201d, explica a enfermeira Claudia Andresa Santos.<\/p>\n<p>&nbsp;<\/p>\n<p>A odontologia \u00e9 um dos indicadores do Previne Brasil no acompanhamento as gestantes durante o pr\u00e9-natal. \u201cSabemos o quanto \u00e9 dif\u00edcil para algumas pessoas, devido a traumas, procurarem atendimento odontol\u00f3gico. Fazemos com que essas mulheres, ao dar entrada na unidade com a confirma\u00e7\u00e3o da gravidez, j\u00e1 sejam encaminhadas para o dentista\u201d, disse a Dra. Cirurgi\u00e3 Dentista Valeria Engr\u00e1cio Borges.<\/p>\n<p>&nbsp;<\/p>\n<p>A cobertura vacinal nos primeiros meses dos beb\u00eas \u00e9 um dos indicadores mais importantes do programa e incluem vacinas contra a poliomielite e aplica\u00e7\u00e3o da tetravalente, fundamental na prote\u00e7\u00e3o \u00e0s crian\u00e7as contra sarampo, caxumba, coqueluche e catapora.<\/p>\n<p>&nbsp;<\/p>\n<p>\u201cFazemos esse acompanhamento com a crian\u00e7a rec\u00e9m-nascida quando ela vem a unidade fazer o teste do pezinho, j\u00e1 verificamos a caderneta de vacina\u00e7\u00e3o para ver se a crian\u00e7a est\u00e1 imunizada com as primeiras vacinas. Quando a m\u00e3e n\u00e3o traz essa crian\u00e7a em at\u00e9 2 meses de idade, acionamos a enfermeira para realizar uma visita domiciliar para fazer o acompanhamento a essa crian\u00e7a\u201d, destaca a T\u00e9cnica de Enfermagem Ana Cristina Batista Santos.<\/p>\n<p>&nbsp;<\/p>\n<p>\u201cO Programa Previne Brasil veio para aumentar o acesso das pessoas aos servi\u00e7os de sa\u00fade da Aten\u00e7\u00e3o Prim\u00e1ria. Notamos uma crescente evolu\u00e7\u00e3o nos indicadores em Penedo, onde sa\u00edmos de uma nota geral de 9,34 no primeiro quadrimestre de 2022 para uma nota geral de 9,84 no primeiro quadrimestre de 2023. Isso indica que mais pessoas est\u00e3o tendo acesso aos servi\u00e7os e que nossas equipes est\u00e3o cada dia mais empenhadas em levar sa\u00fade para a popula\u00e7\u00e3o penedense\u201d, disse a Secret\u00e1ria Municipal de Sa\u00fade, Waninna Mendon\u00e7a.<\/p>\n<p>&nbsp;<\/p>\n<p>&nbsp;<\/p>\n<p>&nbsp;<\/p>\n<p><strong>por Gabriela Flores \u2013 jornalista e social media SEMS Penedo<\/strong><\/p>\n<p>&nbsp;<\/p>\n","protected":false},"excerpt":{"rendered":"<p>A equipe do posto de sa\u00fade Ant\u00f4nia Leite da Silva, mais conhecida como S\u00e3o Jos\u00e9, est\u00e1 em festa. O motivo \u00e9 a nota 10 que a unidade da Secretaria de Sa\u00fade de Penedo alcan\u00e7ou no Previne Brasil, com base nos indicadores de sa\u00fade analisados pelo programa federal durante o 1\u00ba quadrimestre de 2023. &nbsp; Al\u00e9m &hellip;<\/p>\n","protected":false},"author":2,"featured_media":28876,"comment_status":"open","ping_status":"open","sticky":false,"template":"","format":"standard","meta":{"_jetpack_memberships_contains_paid_content":false,"footnotes":""},"categories":[1,3],"tags":[],"class_list":["post-28875","post","type-post","status-publish","format-standard","has-post-thumbnail","hentry","category-destaque","category-penedo"],"jetpack_featured_media_url":"https:\/\/www.oparanews.com.br\/wp-content\/uploads\/2023\/08\/vacina-polio.jpg","jetpack_sharing_enabled":true,"_links":{"self":[{"href":"https:\/\/www.oparanews.com.br\/index.php\/wp-json\/wp\/v2\/posts\/28875","targetHints":{"allow":["GET"]}}],"collection":[{"href":"https:\/\/www.oparanews.com.br\/index.php\/wp-json\/wp\/v2\/posts"}],"about":[{"href":"https:\/\/www.oparanews.com.br\/index.php\/wp-json\/wp\/v2\/types\/post"}],"author":[{"embeddable":true,"href":"https:\/\/www.oparanews.com.br\/index.php\/wp-json\/wp\/v2\/users\/2"}],"replies":[{"embeddable":true,"href":"https:\/\/www.oparanews.com.br\/index.php\/wp-json\/wp\/v2\/comments?post=28875"}],"version-history":[{"count":1,"href":"https:\/\/www.oparanews.com.br\/index.php\/wp-json\/wp\/v2\/posts\/28875\/revisions"}],"predecessor-version":[{"id":28878,"href":"https:\/\/www.oparanews.com.br\/index.php\/wp-json\/wp\/v2\/posts\/28875\/revisions\/28878"}],"wp:featuredmedia":[{"embeddable":true,"href":"https:\/\/www.oparanews.com.br\/index.php\/wp-json\/wp\/v2\/media\/28876"}],"wp:attachment":[{"href":"https:\/\/www.oparanews.com.br\/index.php\/wp-json\/wp\/v2\/media?parent=28875"}],"wp:term":[{"taxonomy":"category","embeddable":true,"href":"https:\/\/www.oparanews.com.br\/index.php\/wp-json\/wp\/v2\/categories?post=28875"},{"taxonomy":"post_tag","embeddable":true,"href":"https:\/\/www.oparanews.com.br\/index.php\/wp-json\/wp\/v2\/tags?post=28875"}],"curies":[{"name":"wp","href":"https:\/\/api.w.org\/{rel}","templated":true}]}}