{"id":28909,"date":"2023-08-06T23:29:25","date_gmt":"2023-08-07T02:29:25","guid":{"rendered":"https:\/\/www.oparanews.com.br\/?p=28909"},"modified":"2023-08-06T23:29:25","modified_gmt":"2023-08-07T02:29:25","slug":"asa-perde-para-nacional-e-esta-eliminado-da-serie-d","status":"publish","type":"post","link":"https:\/\/www.oparanews.com.br\/index.php\/2023\/08\/06\/asa-perde-para-nacional-e-esta-eliminado-da-serie-d\/","title":{"rendered":"ASA perde para Nacional e est\u00e1 eliminado da S\u00e9rie D"},"content":{"rendered":"<p>Acabou o 2023 de ASA, e de maneira melanc\u00f3lica. O Alvinegro foi eliminado da S\u00e9rie D do Brasileir\u00e3o neste domingo (6), ap\u00f3s uma derrota dolorosa para o Nacional de Patos, por 3 a 1. Mesmo jogando com a vantagem, no Est\u00e1dio Jos\u00e9 Cavalcanti, em Patos-PB, o Gigante foi completamente dominado e deixa a competi\u00e7\u00e3o na 2\u00aa fase, longe do sonhado acesso.<\/p>\n<p>&nbsp;<\/p>\n<p>O Can\u00e1rio conseguiu a classifica\u00e7\u00e3o gra\u00e7as aos gols de Hitalo, Pedrinho e Anderson Lessa. No \u00faltimo lance, Cristiano Robert fez o gol de honra para o Fantasma.<\/p>\n<p>&nbsp;<\/p>\n<p>Assim, o sonho de chegar a S\u00e9rie C acaba, pelo menos neste ano. O ASA s\u00f3 volta aos trabalhos profissionais na pr\u00f3xima temporada, onde ter\u00e1 Campeonato Alagoano, Copa Alagoas, Copa do Brasil e S\u00e9rie D para disputar. J\u00e1 o Nacional, segue seu sonho de voltar para a Terceirona.<\/p>\n<p>&nbsp;<\/p>\n<p>Na pr\u00f3xima fase, o advers\u00e1rio do Can\u00e1rio ser\u00e1 o Ferrovi\u00e1rio, que conseguiu sua classifica\u00e7\u00e3o ap\u00f3s vencer o Princesa dos Solim\u00f5es nesse s\u00e1bado (5), por 3 a 0, em Fortaleza. A CBF ainda n\u00e3o definiu as datas, por\u00e9m, o prov\u00e1vel \u00e9 que os jogos das oitavas aconte\u00e7am nos dois pr\u00f3ximos finais de semana.<\/p>\n<p>&nbsp;<\/p>\n<p>&nbsp;<\/p>\n<p>&nbsp;<\/p>\n<p><strong>Fonte: Gazetaweb<\/strong><\/p>\n<p>&nbsp;<\/p>\n","protected":false},"excerpt":{"rendered":"<p>Acabou o 2023 de ASA, e de maneira melanc\u00f3lica. O Alvinegro foi eliminado da S\u00e9rie D do Brasileir\u00e3o neste domingo (6), ap\u00f3s uma derrota dolorosa para o Nacional de Patos, por 3 a 1. Mesmo jogando com a vantagem, no Est\u00e1dio Jos\u00e9 Cavalcanti, em Patos-PB, o Gigante foi completamente dominado e deixa a competi\u00e7\u00e3o na &hellip;<\/p>\n","protected":false},"author":2,"featured_media":28910,"comment_status":"open","ping_status":"open","sticky":false,"template":"","format":"standard","meta":{"_jetpack_memberships_contains_paid_content":false,"footnotes":""},"categories":[6],"tags":[],"class_list":["post-28909","post","type-post","status-publish","format-standard","has-post-thumbnail","hentry","category-esporte"],"jetpack_featured_media_url":"https:\/\/www.oparanews.com.br\/wp-content\/uploads\/2023\/08\/20230806162231_IMG_0905.2e16d0ba.fill-1120x700-1.jpg","jetpack_sharing_enabled":true,"_links":{"self":[{"href":"https:\/\/www.oparanews.com.br\/index.php\/wp-json\/wp\/v2\/posts\/28909","targetHints":{"allow":["GET"]}}],"collection":[{"href":"https:\/\/www.oparanews.com.br\/index.php\/wp-json\/wp\/v2\/posts"}],"about":[{"href":"https:\/\/www.oparanews.com.br\/index.php\/wp-json\/wp\/v2\/types\/post"}],"author":[{"embeddable":true,"href":"https:\/\/www.oparanews.com.br\/index.php\/wp-json\/wp\/v2\/users\/2"}],"replies":[{"embeddable":true,"href":"https:\/\/www.oparanews.com.br\/index.php\/wp-json\/wp\/v2\/comments?post=28909"}],"version-history":[{"count":1,"href":"https:\/\/www.oparanews.com.br\/index.php\/wp-json\/wp\/v2\/posts\/28909\/revisions"}],"predecessor-version":[{"id":28911,"href":"https:\/\/www.oparanews.com.br\/index.php\/wp-json\/wp\/v2\/posts\/28909\/revisions\/28911"}],"wp:featuredmedia":[{"embeddable":true,"href":"https:\/\/www.oparanews.com.br\/index.php\/wp-json\/wp\/v2\/media\/28910"}],"wp:attachment":[{"href":"https:\/\/www.oparanews.com.br\/index.php\/wp-json\/wp\/v2\/media?parent=28909"}],"wp:term":[{"taxonomy":"category","embeddable":true,"href":"https:\/\/www.oparanews.com.br\/index.php\/wp-json\/wp\/v2\/categories?post=28909"},{"taxonomy":"post_tag","embeddable":true,"href":"https:\/\/www.oparanews.com.br\/index.php\/wp-json\/wp\/v2\/tags?post=28909"}],"curies":[{"name":"wp","href":"https:\/\/api.w.org\/{rel}","templated":true}]}}