{"id":28924,"date":"2023-08-08T22:33:58","date_gmt":"2023-08-09T01:33:58","guid":{"rendered":"https:\/\/www.oparanews.com.br\/?p=28924"},"modified":"2023-08-08T22:33:58","modified_gmt":"2023-08-09T01:33:58","slug":"detran-inicia-projeto-de-regionalizacao-de-educacao-para-o-transito-no-interior-de-alagoas","status":"publish","type":"post","link":"https:\/\/www.oparanews.com.br\/index.php\/2023\/08\/08\/detran-inicia-projeto-de-regionalizacao-de-educacao-para-o-transito-no-interior-de-alagoas\/","title":{"rendered":"Detran inicia projeto de regionaliza\u00e7\u00e3o de educa\u00e7\u00e3o para o tr\u00e2nsito no interior de Alagoas"},"content":{"rendered":"<p>Uma das principais a\u00e7\u00f5es do Departamento Estadual de Tr\u00e2nsito de Alagoas (Detran) tem sido levar a\u00e7\u00f5es de educa\u00e7\u00e3o e conscientiza\u00e7\u00e3o para tornar o tr\u00e2nsito cada vez mais seguro nas vias, estradas e rodovias do estado. Com esse objetivo, o \u00f3rg\u00e3o deu in\u00edcio, nesta ter\u00e7a-feira (8), ao projeto de regionaliza\u00e7\u00e3o de educa\u00e7\u00e3o para o tr\u00e2nsito no interior de Alagoas, come\u00e7ando pelas cidades de Santana do Ipanema e Batalha,<\/p>\n<p>&nbsp;<\/p>\n<p>Os t\u00e9cnicos do Detran passar\u00e3o, inicialmente, por 30 munic\u00edpios alagoanos abrangendo todas as regi\u00f5es do estado, para mostrar que no tr\u00e2nsito \u00e9 necess\u00e1rio o exerc\u00edcio da cidadania, e condutores conscientes conseguem mudar atitudes e tornar o tr\u00e2nsito mais seguro.<\/p>\n<p>&nbsp;<\/p>\n<p>As oficinas integrativas contaram com a presen\u00e7a de taxistas, motociclistas, representantes das Ciretrans, SMTT e de Centros de Forma\u00e7\u00e3o de Condutores, da C\u00e2mara de Vereadores, das secretarias municipais de Sa\u00fade, Educa\u00e7\u00e3o, e Assist\u00eancia Social, al\u00e9m de Organiza\u00e7\u00f5es da Sociedade Civil.<\/p>\n<p>&nbsp;<\/p>\n<p>Para o diretor-presidente do Detran, Marco Fireman, o \u00f3rg\u00e3o tem se aproximado cada vez mais dos munic\u00edpios alagoanos para saber a realidade de cada um, identificando as potencialidades, as fragilidades e como o \u00f3rg\u00e3o de tr\u00e2nsito pode ajud\u00e1-los.<\/p>\n<p>&nbsp;<\/p>\n<p>\u201cEssa \u00e9 a primeira etapa do projeto de regionaliza\u00e7\u00e3o da Educa\u00e7\u00e3o para o Tr\u00e2nsito do Detran. Estamos indo \u00e0s cidades para compartilhar conhecimento, aumentar a seguran\u00e7a vi\u00e1ria e reduzir o n\u00famero de sinistros e \u00f3bitos. Dessa forma estamos contribuindo para a constru\u00e7\u00e3o de um tr\u00e2nsito mais seguro nas \u00e1reas urbanas e rurais destes munic\u00edpios\u201d, afirmou Marco Fireman.<\/p>\n<p>&nbsp;<\/p>\n<p>Durante a a\u00e7\u00e3o, os principais indicadores dos munic\u00edpios foram apresentados, como a diferen\u00e7a entre a quantidade de condutores habilitados e o total de ve\u00edculos registrados no munic\u00edpio, al\u00e9m dos principais tipos de sinistros de tr\u00e2nsito na regi\u00e3o.<\/p>\n<p>&nbsp;<\/p>\n<p>De acordo com Sonaly Bastos, superintendente de Educa\u00e7\u00e3o para o Tr\u00e2nsito e Forma\u00e7\u00e3o de Condutores do Detran, as a\u00e7\u00f5es est\u00e3o sendo pensadas e elaboradas para alcan\u00e7ar crian\u00e7as, jovens, adultos, idosos, pessoas com defici\u00eancias, professores, gestores p\u00fablicos e lideran\u00e7as comunit\u00e1rias das \u00e1reas urbana e rural, para conscientizar sobre as leis de tr\u00e2nsito.<\/p>\n<p>&nbsp;<\/p>\n<p>As pr\u00f3ximas cidades que receber\u00e3o a visita do Detran s\u00e3o Penedo, Rio Largo, Vi\u00e7osa e Japaratinga.<\/p>\n<p>&nbsp;<\/p>\n<p>&nbsp;<\/p>\n<p>&nbsp;<\/p>\n<p><strong>por Jo\u00e3o Victor Barroso \/ Ascom Detran<\/strong><\/p>\n<p>&nbsp;<\/p>\n","protected":false},"excerpt":{"rendered":"<p>Uma das principais a\u00e7\u00f5es do Departamento Estadual de Tr\u00e2nsito de Alagoas (Detran) tem sido levar a\u00e7\u00f5es de educa\u00e7\u00e3o e conscientiza\u00e7\u00e3o para tornar o tr\u00e2nsito cada vez mais seguro nas vias, estradas e rodovias do estado. Com esse objetivo, o \u00f3rg\u00e3o deu in\u00edcio, nesta ter\u00e7a-feira (8), ao projeto de regionaliza\u00e7\u00e3o de educa\u00e7\u00e3o para o tr\u00e2nsito no &hellip;<\/p>\n","protected":false},"author":2,"featured_media":28925,"comment_status":"open","ping_status":"open","sticky":false,"template":"","format":"standard","meta":{"_jetpack_memberships_contains_paid_content":false,"footnotes":""},"categories":[4],"tags":[],"class_list":["post-28924","post","type-post","status-publish","format-standard","has-post-thumbnail","hentry","category-alagoas"],"jetpack_featured_media_url":"https:\/\/www.oparanews.com.br\/wp-content\/uploads\/2023\/08\/detran-inicia-projeto-de-regionalizacao-de-educacao-para-o-transito-no-interior-de-alagoas-scaled.jpeg","jetpack_sharing_enabled":true,"_links":{"self":[{"href":"https:\/\/www.oparanews.com.br\/index.php\/wp-json\/wp\/v2\/posts\/28924","targetHints":{"allow":["GET"]}}],"collection":[{"href":"https:\/\/www.oparanews.com.br\/index.php\/wp-json\/wp\/v2\/posts"}],"about":[{"href":"https:\/\/www.oparanews.com.br\/index.php\/wp-json\/wp\/v2\/types\/post"}],"author":[{"embeddable":true,"href":"https:\/\/www.oparanews.com.br\/index.php\/wp-json\/wp\/v2\/users\/2"}],"replies":[{"embeddable":true,"href":"https:\/\/www.oparanews.com.br\/index.php\/wp-json\/wp\/v2\/comments?post=28924"}],"version-history":[{"count":1,"href":"https:\/\/www.oparanews.com.br\/index.php\/wp-json\/wp\/v2\/posts\/28924\/revisions"}],"predecessor-version":[{"id":28926,"href":"https:\/\/www.oparanews.com.br\/index.php\/wp-json\/wp\/v2\/posts\/28924\/revisions\/28926"}],"wp:featuredmedia":[{"embeddable":true,"href":"https:\/\/www.oparanews.com.br\/index.php\/wp-json\/wp\/v2\/media\/28925"}],"wp:attachment":[{"href":"https:\/\/www.oparanews.com.br\/index.php\/wp-json\/wp\/v2\/media?parent=28924"}],"wp:term":[{"taxonomy":"category","embeddable":true,"href":"https:\/\/www.oparanews.com.br\/index.php\/wp-json\/wp\/v2\/categories?post=28924"},{"taxonomy":"post_tag","embeddable":true,"href":"https:\/\/www.oparanews.com.br\/index.php\/wp-json\/wp\/v2\/tags?post=28924"}],"curies":[{"name":"wp","href":"https:\/\/api.w.org\/{rel}","templated":true}]}}