{"id":28964,"date":"2023-08-12T22:22:55","date_gmt":"2023-08-13T01:22:55","guid":{"rendered":"https:\/\/www.oparanews.com.br\/?p=28964"},"modified":"2023-08-12T22:22:55","modified_gmt":"2023-08-13T01:22:55","slug":"rakto-impulsiona-transformacao-cultural-em-penedo","status":"publish","type":"post","link":"https:\/\/www.oparanews.com.br\/index.php\/2023\/08\/12\/rakto-impulsiona-transformacao-cultural-em-penedo\/","title":{"rendered":"rakto impulsiona transforma\u00e7\u00e3o cultural em Penedo"},"content":{"rendered":"<p>\u00c0s margens do Rio S\u00e3o Francisco, Penedo emerge como um centro de mudan\u00e7a e inova\u00e7\u00e3o, impulsionado pelas a\u00e7\u00f5es da startup alagoana que reponde pelo projeto Trakto Educa\u00e7\u00e3o e o evento Trakto Show. A prova dessa jornada de transforma\u00e7\u00e3o trilhada pelo munic\u00edpio \u00e9 o status de \u201cCidade Criativa\u201d, obtido ap\u00f3s ser escolhido para representar o Brasil na sele\u00e7\u00e3o final da Unesco na categoria cinema.<\/p>\n<p>&nbsp;<\/p>\n<p>A empresa Trakto est\u00e1 desempenhando um papel crucial na constru\u00e7\u00e3o de um ambiente cultural enriquecedor e criativo no munic\u00edpio ribeirinho, trazendo consigo uma nova perspectiva sobre as potencialidades e as inova\u00e7\u00f5es que a cidade pode repensar e, assim, alcan\u00e7ar.<\/p>\n<p>&nbsp;<\/p>\n<p>O diretor comercial da Trakto e Trakto Show, Domingos Braga, afirma que a startup tem se empenhado em levas eventos inclusivos e revolucion\u00e1rios para Penedo. Essas agendas abrangem um amplo espectro, desde empreendedorismo jovem at\u00e9 tecnologia e desenvolvimento.<\/p>\n<p>&nbsp;<\/p>\n<p>\u201cNossas iniciativas buscam ofertar propostas inclusivas para a popula\u00e7\u00e3o e que envolvem tamb\u00e9m parceiros da cidade e da regi\u00e3o, como comerciantes, microempres\u00e1rios, estudantes, professores, profissionais e simpatizantes do universo tecnol\u00f3gico. N\u00f3s abra\u00e7amos a cidade de Penedo, buscando estreitar os v\u00ednculos com a comunidade\u201d.<\/p>\n<p>&nbsp;<\/p>\n<p>Segundo Braga, o evento, realizado pela primeira vez em 2022, n\u00e3o apenas impulsiona somente a ado\u00e7\u00e3o de tecnologias inovadoras, mas tamb\u00e9m promove a cultura local, abra\u00e7ando o artesanato e os comerciantes da regi\u00e3o, revitalizando o esp\u00edrito de ocupa\u00e7\u00e3o das ruas. A Trakto agora trabalha na montagem da segunda edi\u00e7\u00e3o do evento, que ser\u00e1 realizada nos dias 23 e 24 de setembro, com ingressos gratuitos.<\/p>\n<p>&nbsp;<\/p>\n<p>\u201cOntem fizemos um evento voltado para os comerciantes, mostrando onde eles podem usar novas tecnologias e como podem potencializar o evento para promover seus neg\u00f3cios. Em 2022, durante o Trakto Show, os comerciantes que mantiveram suas lojas abertas conseguiram bons resultados. Para a edi\u00e7\u00e3o de 2023, queremos contribuir ainda mais enfaticamente para o enriquecimento do capital humano e cultural da popula\u00e7\u00e3o. Para tanto, nossas a\u00e7\u00f5es s\u00e3o pautadas pelas necessidades identificadas pela pr\u00f3pria sociedade local, envolvendo os gestores p\u00fablicos, os empres\u00e1rios e os profissionais em geral. A reuni\u00e3o de ontem foi realizada exatamente para debater sobre como atrair mais neg\u00f3cios para os lojistas da cidade e fomentar a uni\u00e3o entre os v\u00e1rios interessados em promover os interesses locais\u201d, conta.<\/p>\n<p>&nbsp;<\/p>\n<p>Entretanto, o diretor afirma que muitos desafios acompanham essa jornada. \u201cUm dos desafios \u00e9 o entendimento inicial da aceita\u00e7\u00e3o de um evento que n\u00e3o seja tradicional, com festa, banda, algo que as pessoas est\u00e3o habituadas, mas, sim, um evento de conhecimento. No entanto, em 2022, tivemos uma aceita\u00e7\u00e3o boa, rapidamente esgotaram os convites e ingressos do evento e vimos de grandes empres\u00e1rios a microempreendedores participando. Outro desafio grande que temos \u00e9 a log\u00edstica, quest\u00e3o de leitos em hot\u00e9is, que s\u00e3o poucos, a m\u00e3o-de-obra especializada para a produ\u00e7\u00e3o e montagem do evento. S\u00e3o alguns desafios que a gente enfrenta, mas que engrandecem o evento\u201d, ressalta.<\/p>\n<p>&nbsp;<\/p>\n<p>Ao abordar o papel do cinema na transforma\u00e7\u00e3o de Penedo, Braga menciona a import\u00e2ncia da s\u00e9tima arte para a cidade, historicamente ligada \u00e0 ind\u00fastria criativa e local de encontros nacionais do setor audiovisual. Ele destacou que a Trakto tamb\u00e9m est\u00e1 empenhada em contribuir com a revitaliza\u00e7\u00e3o da cena cinematogr\u00e1fica, resgatando a rica heran\u00e7a cultural da cidade.<\/p>\n<p>&nbsp;<\/p>\n<p>Nesse sentido, o gestor revelou a cria\u00e7\u00e3o da Casa Trakto. Essa iniciativa visa reunir uma plataforma cultural, um espa\u00e7o para o desenvolvimento pessoal e profissional, com acesso \u00e0 internet e ao conhecimento, al\u00e9m de ser apoio para professores municipais que passam por programas de forma\u00e7\u00e3o tecnol\u00f3gica promovidos pela Trakto Educa\u00e7\u00e3o.<\/p>\n<p>&nbsp;<\/p>\n<p>\u201cVai ser um ponto de encontro para a troca permanente de conhecimento. Estamos em permanente contato com os empreendedores locais para ver at\u00e9 onde a gente pode contribuir com os seus neg\u00f3cios, seja a partir da plataforma Trakto Design ou outras solu\u00e7\u00f5es \u2013 como a forma\u00e7\u00e3o de grupos setoriais (associa\u00e7\u00f5es e redes), que buscamos mentorar como uma forma de desenvolver uma determinada atividade econ\u00f4mica. Contribuir com o empreendedorismo est\u00e1 no DNA da Trakto. Isso passa pela educa\u00e7\u00e3o, pelo Trakto Show e se materializar\u00e1 ainda na Casa Trakto. Estamos articulando todas essas pontas, hoje e para o futuro.\u201d<\/p>\n<p>&nbsp;<\/p>\n<p>O diretor reitera a import\u00e2ncia dos parceiros, como a prefeitura, por exemplo, para trazer conte\u00fado relevante e transformador para a cidade. &#8220;Toda a curadoria de palestras e oficinas propostas no Trakto Show Penedo \u00e9 realizada por um grupo grande, que atua de forma colaborativa. A v\u00e1rias m\u00e3os, vamos apontando e sugerindo as atra\u00e7\u00f5es para a popula\u00e7\u00e3o da regi\u00e3o e que contribuem para o desenvolvimento de um ambiente de inova\u00e7\u00e3o criativa. Na soma, as atra\u00e7\u00f5es e palestras que promovemos buscam transformar as pessoas e inspirar reflex\u00f5es, ambi\u00e7\u00f5es, sonhos. Queremos que as pessoas saiam transformadas de cada evento da programa\u00e7\u00e3o, com a possibilidade de pensar: \u2018Eu posso mais e vou conseguir chegar mais longe&#8221;.<\/p>\n<p>&nbsp;<\/p>\n<p>Por fim, Braga reitera a import\u00e2ncia da escolha de Penedo como uma cidade criativa e o papel crucial da Trakto nessa transforma\u00e7\u00e3o. Ele enfatizou que a cidade est\u00e1 retomando seu desenvolvimento cinematogr\u00e1fico e refor\u00e7ou o compromisso da Trakto em trazer conhecimento e oportunidades por meio de seus eventos.<\/p>\n<p>&nbsp;<\/p>\n<p>\u201cA elei\u00e7\u00e3o de Penedo como cidade criativa, ao lado de cidades como o Rio de Janeiro, mostra o desenvolvimento do cinema voltando com for\u00e7a. E a Trakto fica feliz em compartilhar desse momento, com nossa tecnologia na educa\u00e7\u00e3o e no evento (Trakto Show) tamb\u00e9m, trazendo palestrantes e visitantes do Brasil inteiro para fazer neg\u00f3cios e desenvolver a cidade e seu entorno. Ao fomentar esses relacionamentos, confiamos que toda a comunidade se envolve e se beneficia pela proposta de construir uma cidade cada vez mais criativa, como Penedo sempre foi conhecida\u201d, concluiu.<\/p>\n<p>&nbsp;<\/p>\n<p>&nbsp;<\/p>\n<p>&nbsp;<\/p>\n<p><strong>Fonte: Gazetaweb<\/strong><\/p>\n<p>&nbsp;<\/p>\n","protected":false},"excerpt":{"rendered":"<p>\u00c0s margens do Rio S\u00e3o Francisco, Penedo emerge como um centro de mudan\u00e7a e inova\u00e7\u00e3o, impulsionado pelas a\u00e7\u00f5es da startup alagoana que reponde pelo projeto Trakto Educa\u00e7\u00e3o e o evento Trakto Show. A prova dessa jornada de transforma\u00e7\u00e3o trilhada pelo munic\u00edpio \u00e9 o status de \u201cCidade Criativa\u201d, obtido ap\u00f3s ser escolhido para representar o Brasil &hellip;<\/p>\n","protected":false},"author":2,"featured_media":28965,"comment_status":"open","ping_status":"open","sticky":false,"template":"","format":"standard","meta":{"_jetpack_memberships_contains_paid_content":false,"footnotes":""},"categories":[1,3],"tags":[],"class_list":["post-28964","post","type-post","status-publish","format-standard","has-post-thumbnail","hentry","category-destaque","category-penedo"],"jetpack_featured_media_url":"https:\/\/www.oparanews.com.br\/wp-content\/uploads\/2023\/08\/trakto_mAhkNsO.jpg","jetpack_sharing_enabled":true,"_links":{"self":[{"href":"https:\/\/www.oparanews.com.br\/index.php\/wp-json\/wp\/v2\/posts\/28964","targetHints":{"allow":["GET"]}}],"collection":[{"href":"https:\/\/www.oparanews.com.br\/index.php\/wp-json\/wp\/v2\/posts"}],"about":[{"href":"https:\/\/www.oparanews.com.br\/index.php\/wp-json\/wp\/v2\/types\/post"}],"author":[{"embeddable":true,"href":"https:\/\/www.oparanews.com.br\/index.php\/wp-json\/wp\/v2\/users\/2"}],"replies":[{"embeddable":true,"href":"https:\/\/www.oparanews.com.br\/index.php\/wp-json\/wp\/v2\/comments?post=28964"}],"version-history":[{"count":1,"href":"https:\/\/www.oparanews.com.br\/index.php\/wp-json\/wp\/v2\/posts\/28964\/revisions"}],"predecessor-version":[{"id":28966,"href":"https:\/\/www.oparanews.com.br\/index.php\/wp-json\/wp\/v2\/posts\/28964\/revisions\/28966"}],"wp:featuredmedia":[{"embeddable":true,"href":"https:\/\/www.oparanews.com.br\/index.php\/wp-json\/wp\/v2\/media\/28965"}],"wp:attachment":[{"href":"https:\/\/www.oparanews.com.br\/index.php\/wp-json\/wp\/v2\/media?parent=28964"}],"wp:term":[{"taxonomy":"category","embeddable":true,"href":"https:\/\/www.oparanews.com.br\/index.php\/wp-json\/wp\/v2\/categories?post=28964"},{"taxonomy":"post_tag","embeddable":true,"href":"https:\/\/www.oparanews.com.br\/index.php\/wp-json\/wp\/v2\/tags?post=28964"}],"curies":[{"name":"wp","href":"https:\/\/api.w.org\/{rel}","templated":true}]}}