{"id":28976,"date":"2023-08-14T16:40:15","date_gmt":"2023-08-14T19:40:15","guid":{"rendered":"https:\/\/www.oparanews.com.br\/?p=28976"},"modified":"2023-08-14T16:40:15","modified_gmt":"2023-08-14T19:40:15","slug":"casos-de-covid-19-aumentam-80-no-mundo-mortes-tem-queda-de-57","status":"publish","type":"post","link":"https:\/\/www.oparanews.com.br\/index.php\/2023\/08\/14\/casos-de-covid-19-aumentam-80-no-mundo-mortes-tem-queda-de-57\/","title":{"rendered":"Casos de covid-19 aumentam 80% no mundo; mortes t\u00eam queda de 57%"},"content":{"rendered":"<p>Cerca de 1,5 milh\u00e3o de novos casos de covid-19 foram registrados em todo o mundo entre 10 de julho e 6 de agosto \u2013 um aumento de 80% em rela\u00e7\u00e3o ao per\u00edodo anterior. Durante os mesmos 28 dias, o v\u00edrus causou ainda 2,5 mil mortes \u2013 uma queda de 57% em rela\u00e7\u00e3o ao per\u00edodo anterior. Os dados s\u00e3o da Organiza\u00e7\u00e3o Mundial da Sa\u00fade (OMS).<\/p>\n<p>&nbsp;<\/p>\n<p>Os n\u00fameros mostram que, enquanto diversos pa\u00edses registraram queda de novos casos e de \u00f3bitos provocados pela doen\u00e7a, a regi\u00e3o do Pac\u00edfico Ocidental identificou aumento de novas infec\u00e7\u00f5es em meio a uma redu\u00e7\u00e3o nos \u00f3bitos. Desde o dia 6 de agosto, mais de 769 milh\u00f5es de casos foram reportados globalmente, al\u00e9m de cerca de 6,9 milh\u00f5es de mortes.<\/p>\n<p>&nbsp;<\/p>\n<p>\u201cAtualmente, os casos relatados n\u00e3o representam com precis\u00e3o as taxas de infec\u00e7\u00e3o devido \u00e0 redu\u00e7\u00e3o de testes e relat\u00f3rios globalmente. Durante esse per\u00edodo de 28 dias, 44% (103 de 234) dos pa\u00edses relataram pelo menos um caso \u00e0 OMS \u2013 uma propor\u00e7\u00e3o que vem diminuindo desde meados de 2022\u201d, destacou a entidade em comunicado.<\/p>\n<p>&nbsp;<\/p>\n<p>&nbsp;<\/p>\n<p>&nbsp;<\/p>\n<p><strong>Fonte: Ag\u00eancia Brasil<\/strong><\/p>\n<p>&nbsp;<\/p>\n","protected":false},"excerpt":{"rendered":"<p>Cerca de 1,5 milh\u00e3o de novos casos de covid-19 foram registrados em todo o mundo entre 10 de julho e 6 de agosto \u2013 um aumento de 80% em rela\u00e7\u00e3o ao per\u00edodo anterior. Durante os mesmos 28 dias, o v\u00edrus causou ainda 2,5 mil mortes \u2013 uma queda de 57% em rela\u00e7\u00e3o ao per\u00edodo anterior. &hellip;<\/p>\n","protected":false},"author":2,"featured_media":28977,"comment_status":"open","ping_status":"open","sticky":false,"template":"","format":"standard","meta":{"_jetpack_memberships_contains_paid_content":false,"footnotes":""},"categories":[5],"tags":[],"class_list":["post-28976","post","type-post","status-publish","format-standard","has-post-thumbnail","hentry","category-brasil-mundo"],"jetpack_featured_media_url":"https:\/\/www.oparanews.com.br\/wp-content\/uploads\/2023\/08\/covid040621.2e16d0ba.fill-1120x700-1.jpg","jetpack_sharing_enabled":true,"_links":{"self":[{"href":"https:\/\/www.oparanews.com.br\/index.php\/wp-json\/wp\/v2\/posts\/28976","targetHints":{"allow":["GET"]}}],"collection":[{"href":"https:\/\/www.oparanews.com.br\/index.php\/wp-json\/wp\/v2\/posts"}],"about":[{"href":"https:\/\/www.oparanews.com.br\/index.php\/wp-json\/wp\/v2\/types\/post"}],"author":[{"embeddable":true,"href":"https:\/\/www.oparanews.com.br\/index.php\/wp-json\/wp\/v2\/users\/2"}],"replies":[{"embeddable":true,"href":"https:\/\/www.oparanews.com.br\/index.php\/wp-json\/wp\/v2\/comments?post=28976"}],"version-history":[{"count":1,"href":"https:\/\/www.oparanews.com.br\/index.php\/wp-json\/wp\/v2\/posts\/28976\/revisions"}],"predecessor-version":[{"id":28978,"href":"https:\/\/www.oparanews.com.br\/index.php\/wp-json\/wp\/v2\/posts\/28976\/revisions\/28978"}],"wp:featuredmedia":[{"embeddable":true,"href":"https:\/\/www.oparanews.com.br\/index.php\/wp-json\/wp\/v2\/media\/28977"}],"wp:attachment":[{"href":"https:\/\/www.oparanews.com.br\/index.php\/wp-json\/wp\/v2\/media?parent=28976"}],"wp:term":[{"taxonomy":"category","embeddable":true,"href":"https:\/\/www.oparanews.com.br\/index.php\/wp-json\/wp\/v2\/categories?post=28976"},{"taxonomy":"post_tag","embeddable":true,"href":"https:\/\/www.oparanews.com.br\/index.php\/wp-json\/wp\/v2\/tags?post=28976"}],"curies":[{"name":"wp","href":"https:\/\/api.w.org\/{rel}","templated":true}]}}