{"id":28979,"date":"2023-08-14T16:57:47","date_gmt":"2023-08-14T19:57:47","guid":{"rendered":"https:\/\/www.oparanews.com.br\/?p=28979"},"modified":"2023-08-14T16:57:47","modified_gmt":"2023-08-14T19:57:47","slug":"homem-e-flagrado-em-ato-sexual-com-jumenta-em-traipu","status":"publish","type":"post","link":"https:\/\/www.oparanews.com.br\/index.php\/2023\/08\/14\/homem-e-flagrado-em-ato-sexual-com-jumenta-em-traipu\/","title":{"rendered":"Homem \u00e9 flagrado em ato sexual com jumenta em Traipu"},"content":{"rendered":"<p>A Pol\u00edcia Civil de Alagoas (PC\/AL) abriu inqu\u00e9rito, nesta segunda-feira (14), para apurar um caso de maus-tratos contra uma jumenta, na cidade de Traipu, no Agreste de Alagoas. A situa\u00e7\u00e3o foi flagrada em um v\u00eddeo. Nas imagens, um homem aparece mantendo rela\u00e7\u00f5es sexuais com o animal.<\/p>\n<p>&nbsp;<\/p>\n<p>Segundo o chefe de opera\u00e7\u00f5es da Pol\u00edcia Civil, Augusto Alc\u00e2ntara, a pr\u00e1tica de zoofilia, que \u00e9 o ato sexual entre humanos e animais, \u00e9 considerada maus-tratos.<\/p>\n<p>&nbsp;<\/p>\n<p>Alc\u00e2ntara contou ainda que o suspeito j\u00e1 foi identificado e deve ser ouvido. N\u00e3o h\u00e1 informa\u00e7\u00f5es sobre quando o fato ocorreu.<\/p>\n<p>&nbsp;<\/p>\n<p>De acordo com o policial, o homem que aparece nas imagens \u00e9 mudo e tamb\u00e9m teria defici\u00eancia auditiva. O suspeito, segundo a pol\u00edcia, tamb\u00e9m tem defici\u00eancia mental. Outros quatro membros da fam\u00edlia do suspeito tamb\u00e9m t\u00eam defici\u00eancia mental.<\/p>\n<p>&nbsp;<\/p>\n<p>&nbsp;<\/p>\n<p>&nbsp;<\/p>\n<p><strong>Fonte: Gazetaweb<\/strong><\/p>\n<p>&nbsp;<\/p>\n","protected":false},"excerpt":{"rendered":"<p>A Pol\u00edcia Civil de Alagoas (PC\/AL) abriu inqu\u00e9rito, nesta segunda-feira (14), para apurar um caso de maus-tratos contra uma jumenta, na cidade de Traipu, no Agreste de Alagoas. A situa\u00e7\u00e3o foi flagrada em um v\u00eddeo. Nas imagens, um homem aparece mantendo rela\u00e7\u00f5es sexuais com o animal. &nbsp; Segundo o chefe de opera\u00e7\u00f5es da Pol\u00edcia Civil, &hellip;<\/p>\n","protected":false},"author":2,"featured_media":28980,"comment_status":"open","ping_status":"open","sticky":false,"template":"","format":"standard","meta":{"_jetpack_memberships_contains_paid_content":false,"footnotes":""},"categories":[4],"tags":[],"class_list":["post-28979","post","type-post","status-publish","format-standard","has-post-thumbnail","hentry","category-alagoas"],"jetpack_featured_media_url":"https:\/\/www.oparanews.com.br\/wp-content\/uploads\/2023\/08\/WhatsApp_Image_2023-08-14_at_16.1.2e16d0ba.fill-1120x700-1.jpg","jetpack_sharing_enabled":true,"_links":{"self":[{"href":"https:\/\/www.oparanews.com.br\/index.php\/wp-json\/wp\/v2\/posts\/28979","targetHints":{"allow":["GET"]}}],"collection":[{"href":"https:\/\/www.oparanews.com.br\/index.php\/wp-json\/wp\/v2\/posts"}],"about":[{"href":"https:\/\/www.oparanews.com.br\/index.php\/wp-json\/wp\/v2\/types\/post"}],"author":[{"embeddable":true,"href":"https:\/\/www.oparanews.com.br\/index.php\/wp-json\/wp\/v2\/users\/2"}],"replies":[{"embeddable":true,"href":"https:\/\/www.oparanews.com.br\/index.php\/wp-json\/wp\/v2\/comments?post=28979"}],"version-history":[{"count":1,"href":"https:\/\/www.oparanews.com.br\/index.php\/wp-json\/wp\/v2\/posts\/28979\/revisions"}],"predecessor-version":[{"id":28981,"href":"https:\/\/www.oparanews.com.br\/index.php\/wp-json\/wp\/v2\/posts\/28979\/revisions\/28981"}],"wp:featuredmedia":[{"embeddable":true,"href":"https:\/\/www.oparanews.com.br\/index.php\/wp-json\/wp\/v2\/media\/28980"}],"wp:attachment":[{"href":"https:\/\/www.oparanews.com.br\/index.php\/wp-json\/wp\/v2\/media?parent=28979"}],"wp:term":[{"taxonomy":"category","embeddable":true,"href":"https:\/\/www.oparanews.com.br\/index.php\/wp-json\/wp\/v2\/categories?post=28979"},{"taxonomy":"post_tag","embeddable":true,"href":"https:\/\/www.oparanews.com.br\/index.php\/wp-json\/wp\/v2\/tags?post=28979"}],"curies":[{"name":"wp","href":"https:\/\/api.w.org\/{rel}","templated":true}]}}