{"id":2900,"date":"2020-01-11T13:47:25","date_gmt":"2020-01-11T13:47:25","guid":{"rendered":"https:\/\/oparanews.com.br\/?p=2900"},"modified":"2020-01-11T13:47:25","modified_gmt":"2020-01-11T13:47:25","slug":"idoso-e-preso-acusado-de-integrar-organizacao-criminosa","status":"publish","type":"post","link":"https:\/\/www.oparanews.com.br\/index.php\/2020\/01\/11\/idoso-e-preso-acusado-de-integrar-organizacao-criminosa\/","title":{"rendered":"Idoso \u00e9 preso acusado de integrar organiza\u00e7\u00e3o criminosa"},"content":{"rendered":"<p>Um idoso, identificado como Jorge, de 67 anos, foi preso em cumprimento de mandado de pris\u00e3o tempor\u00e1ria, acusado de integrar organiza\u00e7\u00e3o criminosa. A a\u00e7\u00e3o aconteceu nesta sexta-feira (10), no centro de Arapiraca.<\/p>\n<p>Segundo informa\u00e7\u00f5es, uma guarni\u00e7\u00e3o localizou o suspeito e com ele apreendeu um aparelho celular Samsung S10, de cor azul.<\/p>\n<p><strong>Fonte: J\u00e1 \u00e9 Not\u00edcia<\/strong><\/p>\n","protected":false},"excerpt":{"rendered":"<p>Um idoso, identificado como Jorge, de 67 anos, foi preso em cumprimento de mandado de pris\u00e3o tempor\u00e1ria, acusado de integrar organiza\u00e7\u00e3o criminosa. A a\u00e7\u00e3o aconteceu nesta sexta-feira (10), no centro de Arapiraca. Segundo informa\u00e7\u00f5es, uma guarni\u00e7\u00e3o localizou o suspeito e com ele apreendeu um aparelho celular Samsung S10, de cor azul. Fonte: J\u00e1 \u00e9 Not\u00edcia<\/p>\n","protected":false},"author":1,"featured_media":2901,"comment_status":"open","ping_status":"open","sticky":false,"template":"","format":"standard","meta":{"_jetpack_memberships_contains_paid_content":false,"footnotes":""},"categories":[1],"tags":[],"class_list":["post-2900","post","type-post","status-publish","format-standard","has-post-thumbnail","hentry","category-destaque"],"jetpack_featured_media_url":"","jetpack_sharing_enabled":true,"_links":{"self":[{"href":"https:\/\/www.oparanews.com.br\/index.php\/wp-json\/wp\/v2\/posts\/2900","targetHints":{"allow":["GET"]}}],"collection":[{"href":"https:\/\/www.oparanews.com.br\/index.php\/wp-json\/wp\/v2\/posts"}],"about":[{"href":"https:\/\/www.oparanews.com.br\/index.php\/wp-json\/wp\/v2\/types\/post"}],"author":[{"embeddable":true,"href":"https:\/\/www.oparanews.com.br\/index.php\/wp-json\/wp\/v2\/users\/1"}],"replies":[{"embeddable":true,"href":"https:\/\/www.oparanews.com.br\/index.php\/wp-json\/wp\/v2\/comments?post=2900"}],"version-history":[{"count":0,"href":"https:\/\/www.oparanews.com.br\/index.php\/wp-json\/wp\/v2\/posts\/2900\/revisions"}],"wp:featuredmedia":[{"embeddable":true,"href":"https:\/\/www.oparanews.com.br\/index.php\/wp-json\/"}],"wp:attachment":[{"href":"https:\/\/www.oparanews.com.br\/index.php\/wp-json\/wp\/v2\/media?parent=2900"}],"wp:term":[{"taxonomy":"category","embeddable":true,"href":"https:\/\/www.oparanews.com.br\/index.php\/wp-json\/wp\/v2\/categories?post=2900"},{"taxonomy":"post_tag","embeddable":true,"href":"https:\/\/www.oparanews.com.br\/index.php\/wp-json\/wp\/v2\/tags?post=2900"}],"curies":[{"name":"wp","href":"https:\/\/api.w.org\/{rel}","templated":true}]}}