{"id":29004,"date":"2023-08-17T17:01:13","date_gmt":"2023-08-17T20:01:13","guid":{"rendered":"https:\/\/www.oparanews.com.br\/?p=29004"},"modified":"2023-08-17T17:05:08","modified_gmt":"2023-08-17T20:05:08","slug":"inscricao-para-palestrante-no-trakto-show-de-penedo-esta-aberta-ate-sexta-feira-18","status":"publish","type":"post","link":"https:\/\/www.oparanews.com.br\/index.php\/2023\/08\/17\/inscricao-para-palestrante-no-trakto-show-de-penedo-esta-aberta-ate-sexta-feira-18\/","title":{"rendered":"Inscri\u00e7\u00e3o para palestrante no Trakto Show de Penedo est\u00e1 aberta at\u00e9 sexta-feira, 18"},"content":{"rendered":"<p>O Trakto Show Penedo, evento que acontecer\u00e1 em 23 e 24 de setembro na cidade hist\u00f3rica, est\u00e1 com inscri\u00e7\u00f5es abertas para interessados em apresentar palestras e trocar experi\u00eancias com o p\u00fablico.<\/p>\n<p>&nbsp;<\/p>\n<p>A curadoria da programa\u00e7\u00e3o est\u00e1 sendo escolhida pelo CEO da Trakto e idealizador do evento, Paulo Ten\u00f3rio, e quem tiver interesse devem fazer a inscri\u00e7\u00e3o on-line, no seguinte link: <a href=\"https:\/\/traktoio.typeform.com\/PenedoPalestrar\"><strong>trakto.typeform.com\/penedopalestrar<\/strong><\/a>.<\/p>\n<p>&nbsp;<\/p>\n<p>O prazo para apresenta\u00e7\u00e3o das propostas \u00e9 at\u00e9 sexta-feira (18).<\/p>\n<p>&nbsp;<\/p>\n<p>\u201cQuero fazer um convite para voc\u00ea, que \u00e9 empreendedor, que tem uma hist\u00f3ria interessante para contar, uma hist\u00f3ria inovadora, que est\u00e1 em busca de seus sonhos, que tem inspira\u00e7\u00e3o atrav\u00e9s de cases de sucesso, de ideias inovadoras e at\u00e9 de hist\u00f3rias pessoais: participe da nossa sele\u00e7\u00e3o. Fa\u00e7a sua inscri\u00e7\u00e3o e venha subir no palco do Trakto Show\u201d, convida Paulo Ten\u00f3rio, em v\u00eddeo divulgado nas redes sociais.<\/p>\n<p>&nbsp;<\/p>\n<p>Com apoio da Prefeitura de Penedo e patroc\u00ednio do IMA, a cidade receber\u00e1 o Trakto Show pela segunda vez. Em 2022, o evento ocupou a cidade, trazendo visitantes de nove estados do Brasil, movimentando a economia local, al\u00e9m de fomentar conte\u00fados diversificados e gratuitos para o p\u00fablico.<\/p>\n<p>&nbsp;<\/p>\n<p>Hoje, o Trakto Show Penedo consolida-se como uma das programa\u00e7\u00f5es que fortalecem o status do munic\u00edpio como Cidade Criativa, de acordo com sele\u00e7\u00e3o em edital da Unesco para a seleta rede mundial cuja inclus\u00e3o ser\u00e1 chancelada pelo \u00f3rg\u00e3o da ONU em outubro.<\/p>\n<p>&nbsp;<\/p>\n<p><strong>Supervisor Casa Trakto<\/strong><\/p>\n<p>&nbsp;<\/p>\n<p>A startup Trakto tamb\u00e9m anunciou para Penedo a abertura de inscri\u00e7\u00e3o para o cargo efetivo de Supervisor Operacional. O profissional escolhido ir\u00e1 trabalhar, de forma presencial, no projeto Casa Trakto, um espa\u00e7o que ser\u00e1 inaugurado em breve e ter\u00e1 como objetivo servir de apoio para os professores do projeto Trakto Educa\u00e7\u00e3o, al\u00e9m de agregar outras iniciativas de forma\u00e7\u00e3o, salas de co-working com a acesso \u00e0 internet, atividades culturais e networking de empreendedores para o desenvolvimento de seus neg\u00f3cios.<\/p>\n<p>&nbsp;<\/p>\n<p>Para participar da sele\u00e7\u00e3o, os candidatos devem ter os seguintes requisitos: forma\u00e7\u00e3o superior completa ou em andamento em Administra\u00e7\u00e3o, Engenharia, Hotelaria ou cursos relacionados \u00e0 gest\u00e3o. Tamb\u00e9m \u00e9 necess\u00e1rio possuir experi\u00eancia na \u00e1rea, trabalhar em equipe, ser proativo e buscar trabalhar sempre de forma \u00e1gil, entre outros requisitos.<\/p>\n<p>&nbsp;<\/p>\n<p>&nbsp;<\/p>\n<p>&nbsp;<\/p>\n<p><strong>Fonte: SECOM PMP com divulga\u00e7\u00e3o Trakto<\/strong><\/p>\n<p>&nbsp;<\/p>\n","protected":false},"excerpt":{"rendered":"<p>O Trakto Show Penedo, evento que acontecer\u00e1 em 23 e 24 de setembro na cidade hist\u00f3rica, est\u00e1 com inscri\u00e7\u00f5es abertas para interessados em apresentar palestras e trocar experi\u00eancias com o p\u00fablico. &nbsp; A curadoria da programa\u00e7\u00e3o est\u00e1 sendo escolhida pelo CEO da Trakto e idealizador do evento, Paulo Ten\u00f3rio, e quem tiver interesse devem fazer &hellip;<\/p>\n","protected":false},"author":2,"featured_media":29007,"comment_status":"open","ping_status":"open","sticky":false,"template":"","format":"standard","meta":{"_jetpack_memberships_contains_paid_content":false,"footnotes":""},"categories":[1,3],"tags":[],"class_list":["post-29004","post","type-post","status-publish","format-standard","has-post-thumbnail","hentry","category-destaque","category-penedo"],"jetpack_featured_media_url":"https:\/\/www.oparanews.com.br\/wp-content\/uploads\/2023\/08\/trakto-penedo-show-2023-1.jpeg","jetpack_sharing_enabled":true,"_links":{"self":[{"href":"https:\/\/www.oparanews.com.br\/index.php\/wp-json\/wp\/v2\/posts\/29004","targetHints":{"allow":["GET"]}}],"collection":[{"href":"https:\/\/www.oparanews.com.br\/index.php\/wp-json\/wp\/v2\/posts"}],"about":[{"href":"https:\/\/www.oparanews.com.br\/index.php\/wp-json\/wp\/v2\/types\/post"}],"author":[{"embeddable":true,"href":"https:\/\/www.oparanews.com.br\/index.php\/wp-json\/wp\/v2\/users\/2"}],"replies":[{"embeddable":true,"href":"https:\/\/www.oparanews.com.br\/index.php\/wp-json\/wp\/v2\/comments?post=29004"}],"version-history":[{"count":1,"href":"https:\/\/www.oparanews.com.br\/index.php\/wp-json\/wp\/v2\/posts\/29004\/revisions"}],"predecessor-version":[{"id":29006,"href":"https:\/\/www.oparanews.com.br\/index.php\/wp-json\/wp\/v2\/posts\/29004\/revisions\/29006"}],"wp:featuredmedia":[{"embeddable":true,"href":"https:\/\/www.oparanews.com.br\/index.php\/wp-json\/wp\/v2\/media\/29007"}],"wp:attachment":[{"href":"https:\/\/www.oparanews.com.br\/index.php\/wp-json\/wp\/v2\/media?parent=29004"}],"wp:term":[{"taxonomy":"category","embeddable":true,"href":"https:\/\/www.oparanews.com.br\/index.php\/wp-json\/wp\/v2\/categories?post=29004"},{"taxonomy":"post_tag","embeddable":true,"href":"https:\/\/www.oparanews.com.br\/index.php\/wp-json\/wp\/v2\/tags?post=29004"}],"curies":[{"name":"wp","href":"https:\/\/api.w.org\/{rel}","templated":true}]}}