{"id":29016,"date":"2023-08-19T23:06:00","date_gmt":"2023-08-20T02:06:00","guid":{"rendered":"https:\/\/www.oparanews.com.br\/?p=29016"},"modified":"2023-08-19T23:06:00","modified_gmt":"2023-08-20T02:06:00","slug":"crb-vence-o-abc-em-pleno-frasqueirao-e-reage-na-serie-b-2-a-1","status":"publish","type":"post","link":"https:\/\/www.oparanews.com.br\/index.php\/2023\/08\/19\/crb-vence-o-abc-em-pleno-frasqueirao-e-reage-na-serie-b-2-a-1\/","title":{"rendered":"CRB vence o ABC em pleno Frasqueir\u00e3o e reage na S\u00e9rie B: 2 a 1"},"content":{"rendered":"<p>O CRB deu um respiro e voltou a vencer na S\u00e9rie B ap\u00f3s duas rodadas. Na tarde deste s\u00e1bado (19), o Galo foi at\u00e9 o Est\u00e1dio Frasqueir\u00e3o, em Natal-RN, para enfrentar o lanterna ABC. A m\u00e1 fase do advers\u00e1rio foi um prato cheio para os regatianos, que aproveitaram o nervosismo e venceram por 2 a 1, em duelo v\u00e1lido pela 24\u00aa rodada da Segundona.<\/p>\n<p>&nbsp;<\/p>\n<p>Renato, ainda no primeiro tempo, abriu o placar para o Galo. J\u00e1 na reta final do confronto, Juninho Valoura marcou um gola\u00e7o de falta. Do lado abcedista, Maycon Douglas fez nos acr\u00e9scimos e fechou o placar. Com a vit\u00f3ria, o time alvirrubro encerrou a inc\u00f4moda sequ\u00eancia de cinco jogo sem vencer como visitante.<\/p>\n<p>&nbsp;<\/p>\n<p>O placar n\u00e3o muda a posi\u00e7\u00e3o dos regatianos, mas impede que a galera da parte de baixo encoste. O Galo ainda est\u00e1 na 12\u00aa posi\u00e7\u00e3o, agora com 32 pontos e um jogo a menos. O ABC \u00e9 o lanterna disparado e se aproxima do descenso. O clube potiguar est\u00e1 com 14 pontos.<\/p>\n<p>&nbsp;<\/p>\n<p>Antes de entrar em campo pela 25\u00aa rodada, o CRB tem um compromisso atrasado da rodada 17. Nesta quarta-feira (23), \u00e0s 19 horas, o CRB encara o Ava\u00ed, no Est\u00e1dio Rei Pel\u00e9. Apenas no dia 26, s\u00e1bado, o Galo enfrenta o Novorizontino, no mesmo Est\u00e1dio Rei Pel\u00e9. Tamb\u00e9m pela 25\u00aa rodada, o ABC encontra o Botafogo-SP, dia 28 de agosto, no Est\u00e1dio Santa Cruz, em Ribeir\u00e3o Preto-SP.<\/p>\n<p>&nbsp;<\/p>\n<p>&nbsp;<\/p>\n<p>&nbsp;<\/p>\n<p><strong>Fonte: Gazetaweb<\/strong><\/p>\n<p>&nbsp;<\/p>\n","protected":false},"excerpt":{"rendered":"<p>O CRB deu um respiro e voltou a vencer na S\u00e9rie B ap\u00f3s duas rodadas. Na tarde deste s\u00e1bado (19), o Galo foi at\u00e9 o Est\u00e1dio Frasqueir\u00e3o, em Natal-RN, para enfrentar o lanterna ABC. A m\u00e1 fase do advers\u00e1rio foi um prato cheio para os regatianos, que aproveitaram o nervosismo e venceram por 2 a &hellip;<\/p>\n","protected":false},"author":2,"featured_media":29017,"comment_status":"open","ping_status":"open","sticky":false,"template":"","format":"standard","meta":{"_jetpack_memberships_contains_paid_content":false,"footnotes":""},"categories":[1,6],"tags":[],"class_list":["post-29016","post","type-post","status-publish","format-standard","has-post-thumbnail","hentry","category-destaque","category-esporte"],"jetpack_featured_media_url":"https:\/\/www.oparanews.com.br\/wp-content\/uploads\/2023\/08\/IMG-20230819-WA0052.jpg","jetpack_sharing_enabled":true,"_links":{"self":[{"href":"https:\/\/www.oparanews.com.br\/index.php\/wp-json\/wp\/v2\/posts\/29016","targetHints":{"allow":["GET"]}}],"collection":[{"href":"https:\/\/www.oparanews.com.br\/index.php\/wp-json\/wp\/v2\/posts"}],"about":[{"href":"https:\/\/www.oparanews.com.br\/index.php\/wp-json\/wp\/v2\/types\/post"}],"author":[{"embeddable":true,"href":"https:\/\/www.oparanews.com.br\/index.php\/wp-json\/wp\/v2\/users\/2"}],"replies":[{"embeddable":true,"href":"https:\/\/www.oparanews.com.br\/index.php\/wp-json\/wp\/v2\/comments?post=29016"}],"version-history":[{"count":1,"href":"https:\/\/www.oparanews.com.br\/index.php\/wp-json\/wp\/v2\/posts\/29016\/revisions"}],"predecessor-version":[{"id":29018,"href":"https:\/\/www.oparanews.com.br\/index.php\/wp-json\/wp\/v2\/posts\/29016\/revisions\/29018"}],"wp:featuredmedia":[{"embeddable":true,"href":"https:\/\/www.oparanews.com.br\/index.php\/wp-json\/wp\/v2\/media\/29017"}],"wp:attachment":[{"href":"https:\/\/www.oparanews.com.br\/index.php\/wp-json\/wp\/v2\/media?parent=29016"}],"wp:term":[{"taxonomy":"category","embeddable":true,"href":"https:\/\/www.oparanews.com.br\/index.php\/wp-json\/wp\/v2\/categories?post=29016"},{"taxonomy":"post_tag","embeddable":true,"href":"https:\/\/www.oparanews.com.br\/index.php\/wp-json\/wp\/v2\/tags?post=29016"}],"curies":[{"name":"wp","href":"https:\/\/api.w.org\/{rel}","templated":true}]}}