{"id":29121,"date":"2023-08-28T18:00:22","date_gmt":"2023-08-28T21:00:22","guid":{"rendered":"https:\/\/www.oparanews.com.br\/?p=29121"},"modified":"2023-08-28T18:00:22","modified_gmt":"2023-08-28T21:00:22","slug":"saque-do-fgts-esta-liberado-para-trabalhador-com-imovel-danificado-pelas-chuvas-em-penedo-no-inverno-deste-ano","status":"publish","type":"post","link":"https:\/\/www.oparanews.com.br\/index.php\/2023\/08\/28\/saque-do-fgts-esta-liberado-para-trabalhador-com-imovel-danificado-pelas-chuvas-em-penedo-no-inverno-deste-ano\/","title":{"rendered":"Saque do FGTS est\u00e1 liberado para trabalhador com im\u00f3vel danificado pelas chuvas em Penedo no inverno deste ano"},"content":{"rendered":"<p>Propriet\u00e1rio de im\u00f3vel com direito ao Fundo de Garantia por Tempo de Servi\u00e7o (FGTS) que foi cadastrado no relat\u00f3rio de danos causados pelas chuvas em Penedo no inverno deste ano pode sacar o recurso.<\/p>\n<p>&nbsp;<\/p>\n<p>O trabalhador que foi desalojado ou desabrigado pela calamidade, na cidade e na zona rural (confira lista abaixo do texto), precisa dispor de saldo na conta do seu FGTS e n\u00e3o ter realizado saque pelo mesmo motivo h\u00e1 pelo menos 12 meses, segundo informa a Caixa.<\/p>\n<p>&nbsp;<\/p>\n<p>Ainda em conformidade com a institui\u00e7\u00e3o federal, o valor m\u00e1ximo para retirada \u00e9 de R$\u202f6.220,00 (seis mil e duzentos e vinte reais) por conta de FGTS, saque emergencial que est\u00e1 dispon\u00edvel at\u00e9 31 de dezembro de 2023.<\/p>\n<p>&nbsp;<\/p>\n<p>O pedido de acesso ao recurso pode ser feito na ag\u00eancia da Caixa, no site da Caixa ou por meio do aplicativo do FGTS, dispon\u00edvel para download nos sistemas operacionais Android e IOS do smartphone, na op\u00e7\u00e3o \u201cMeus saques\u201d e selecionar \u201cOutras op\u00e7\u00f5es de saque -\u202fCalamidade\u202fp\u00fablica\u201d, e acessar a cidade.<\/p>\n<p>&nbsp;<\/p>\n<p>\u00c9 preciso encaminhar foto do documento de identidade, comprovante de resid\u00eancia em nome do trabalhador emitido at\u00e9 120 dias antes da decreta\u00e7\u00e3o de\u202fcalamidade, cuja data em Penedo \u00e9 08 de julho de 2023.<\/p>\n<p>&nbsp;<\/p>\n<p>Caso o comprovante de resid\u00eancia esteja em nome de c\u00f4njuge ou companheiro(a), \u00e9 necess\u00e1rio enviar certid\u00e3o de casamento ou escritura p\u00fablica de uni\u00e3o est\u00e1vel. O prazo para retorno da an\u00e1lise e cr\u00e9dito em conta, caso aprovado o saque, \u00e9 de cinco dias \u00fateis.<\/p>\n<p>&nbsp;<\/p>\n<p>Para outras informa\u00e7\u00f5es, o contato pode ser feito pelo n\u00famero 0800 726 0207.<\/p>\n<p>&nbsp;<\/p>\n<p><a href=\"https:\/\/penedo.al.gov.br\/wp-content\/uploads\/2023\/08\/LISTA-SAQUE-FGTS-PENEDO-CHUVAS-2023.pdf\"><strong>LISTA-SAQUE-FGTS-PENEDO-CHUVAS-2023<\/strong><\/a><\/p>\n<p>&nbsp;<\/p>\n<p>&nbsp;<\/p>\n<p>&nbsp;<\/p>\n<p><strong>Fonte: Secom PMP<\/strong><\/p>\n<p>&nbsp;<\/p>\n<p>&nbsp;<\/p>\n","protected":false},"excerpt":{"rendered":"<p>Propriet\u00e1rio de im\u00f3vel com direito ao Fundo de Garantia por Tempo de Servi\u00e7o (FGTS) que foi cadastrado no relat\u00f3rio de danos causados pelas chuvas em Penedo no inverno deste ano pode sacar o recurso. &nbsp; O trabalhador que foi desalojado ou desabrigado pela calamidade, na cidade e na zona rural (confira lista abaixo do texto), &hellip;<\/p>\n","protected":false},"author":2,"featured_media":29122,"comment_status":"open","ping_status":"open","sticky":false,"template":"","format":"standard","meta":{"_jetpack_memberships_contains_paid_content":false,"footnotes":""},"categories":[1,3],"tags":[],"class_list":["post-29121","post","type-post","status-publish","format-standard","has-post-thumbnail","hentry","category-destaque","category-penedo"],"jetpack_featured_media_url":"https:\/\/www.oparanews.com.br\/wp-content\/uploads\/2023\/08\/saque-fgts.jpeg","jetpack_sharing_enabled":true,"_links":{"self":[{"href":"https:\/\/www.oparanews.com.br\/index.php\/wp-json\/wp\/v2\/posts\/29121","targetHints":{"allow":["GET"]}}],"collection":[{"href":"https:\/\/www.oparanews.com.br\/index.php\/wp-json\/wp\/v2\/posts"}],"about":[{"href":"https:\/\/www.oparanews.com.br\/index.php\/wp-json\/wp\/v2\/types\/post"}],"author":[{"embeddable":true,"href":"https:\/\/www.oparanews.com.br\/index.php\/wp-json\/wp\/v2\/users\/2"}],"replies":[{"embeddable":true,"href":"https:\/\/www.oparanews.com.br\/index.php\/wp-json\/wp\/v2\/comments?post=29121"}],"version-history":[{"count":1,"href":"https:\/\/www.oparanews.com.br\/index.php\/wp-json\/wp\/v2\/posts\/29121\/revisions"}],"predecessor-version":[{"id":29123,"href":"https:\/\/www.oparanews.com.br\/index.php\/wp-json\/wp\/v2\/posts\/29121\/revisions\/29123"}],"wp:featuredmedia":[{"embeddable":true,"href":"https:\/\/www.oparanews.com.br\/index.php\/wp-json\/wp\/v2\/media\/29122"}],"wp:attachment":[{"href":"https:\/\/www.oparanews.com.br\/index.php\/wp-json\/wp\/v2\/media?parent=29121"}],"wp:term":[{"taxonomy":"category","embeddable":true,"href":"https:\/\/www.oparanews.com.br\/index.php\/wp-json\/wp\/v2\/categories?post=29121"},{"taxonomy":"post_tag","embeddable":true,"href":"https:\/\/www.oparanews.com.br\/index.php\/wp-json\/wp\/v2\/tags?post=29121"}],"curies":[{"name":"wp","href":"https:\/\/api.w.org\/{rel}","templated":true}]}}