{"id":29124,"date":"2023-08-29T14:34:55","date_gmt":"2023-08-29T17:34:55","guid":{"rendered":"https:\/\/www.oparanews.com.br\/?p=29124"},"modified":"2023-08-29T14:34:55","modified_gmt":"2023-08-29T17:34:55","slug":"vacina-e-a-principal-protecao-contra-a-nova-variante-da-covid-19","status":"publish","type":"post","link":"https:\/\/www.oparanews.com.br\/index.php\/2023\/08\/29\/vacina-e-a-principal-protecao-contra-a-nova-variante-da-covid-19\/","title":{"rendered":"Vacina \u00e9 a principal prote\u00e7\u00e3o contra a nova variante da Covid-19"},"content":{"rendered":"<p>O Minist\u00e9rio da Sa\u00fade confirmou neste m\u00eas de agosto o primeiro registro da nova subvariante da Covid-19 no Brasil, identificada com a sigla EG.5. Ela \u00e9 uma sub-linhagem da \u00d4micron e, desde ent\u00e3o, o mundo observa um aumento do n\u00famero de casos relacionados a essa variante do coronav\u00edrus.<\/p>\n<p>&nbsp;<\/p>\n<p>Em Penedo n\u00e3o h\u00e1 registro da EG.5, mas a Secretaria Municipal de Sa\u00fade (SEMS) refor\u00e7a que a principal medida de prote\u00e7\u00e3o continua sendo o imunizante dispon\u00edvel nos postos de sa\u00fade, principalmente a vacina bivalente.<\/p>\n<p>&nbsp;<\/p>\n<p>Estar com o esquema vacinal completo aumenta a prote\u00e7\u00e3o contra a cepa original da Covid-19 e tamb\u00e9m das novas variantes. Aplicada em dose \u00fanica, a vacina bivalente \u00e9 a mais eficaz e est\u00e1 dispon\u00edvel em toda a rede b\u00e1sica da SEMS.<\/p>\n<p>&nbsp;<\/p>\n<p>A Diretora de Epidemiologia e Imuniza\u00e7\u00e3o da Secretaria Municipal de Sa\u00fade, Dhayanna Gabryella de Oliveira, destaca que \u201cPenedo sempre foi refer\u00eancia na vacina\u00e7\u00e3o contra Covid-19 e precisamos continuar da mesma forma para inibir essa nova variante e poss\u00edveis outras que venham a surgir\u201d.<\/p>\n<p>&nbsp;<\/p>\n<p>Dhayanna de Oliveira tamb\u00e9m alerta sobre a imuniza\u00e7\u00e3o das crian\u00e7as. \u201c\u00c9 preciso que pais e respons\u00e1veis levem seus filhos com idade a partir dos 6 meses at\u00e9 o posto de sa\u00fade para iniciar ou completar o esquema vacinal contra Covid porque esse \u00e9 o grupo mais suscet\u00edvel para contrair a doen\u00e7a\u201d.<\/p>\n<p>&nbsp;<\/p>\n<p>Para receber a vacina bivalente, as pessoas devem ter tomado at\u00e9 a segunda dose de imunizante contra Covid-19, mais um motivo para a popula\u00e7\u00e3o completar seu esquema vacinal.<\/p>\n<p>&nbsp;<\/p>\n<p>Os sintomas da doen\u00e7a podem incluir febre, tosse cont\u00ednua, mudan\u00e7a no paladar ou olfato, fadiga, coriza e dor de garganta. A orienta\u00e7\u00e3o da SEMS \u00e9 procurar um posto de sa\u00fade para avalia\u00e7\u00e3o m\u00e9dica e realiza\u00e7\u00e3o do teste, se necess\u00e1rio.<\/p>\n<p>&nbsp;<\/p>\n<p>&nbsp;<\/p>\n<p>&nbsp;<\/p>\n<p>&nbsp;<\/p>\n<p><strong>por Gabriela Flores \u2013 jornalista e social midia SEMS<\/strong><\/p>\n<p>&nbsp;<\/p>\n","protected":false},"excerpt":{"rendered":"<p>O Minist\u00e9rio da Sa\u00fade confirmou neste m\u00eas de agosto o primeiro registro da nova subvariante da Covid-19 no Brasil, identificada com a sigla EG.5. Ela \u00e9 uma sub-linhagem da \u00d4micron e, desde ent\u00e3o, o mundo observa um aumento do n\u00famero de casos relacionados a essa variante do coronav\u00edrus. &nbsp; Em Penedo n\u00e3o h\u00e1 registro da &hellip;<\/p>\n","protected":false},"author":2,"featured_media":29125,"comment_status":"open","ping_status":"open","sticky":false,"template":"","format":"standard","meta":{"_jetpack_memberships_contains_paid_content":false,"footnotes":""},"categories":[1,3],"tags":[],"class_list":["post-29124","post","type-post","status-publish","format-standard","has-post-thumbnail","hentry","category-destaque","category-penedo"],"jetpack_featured_media_url":"https:\/\/www.oparanews.com.br\/wp-content\/uploads\/2023\/08\/vacina-criancas-covid-penedo-foto-deywisson-duarte-14.jpeg","jetpack_sharing_enabled":true,"_links":{"self":[{"href":"https:\/\/www.oparanews.com.br\/index.php\/wp-json\/wp\/v2\/posts\/29124","targetHints":{"allow":["GET"]}}],"collection":[{"href":"https:\/\/www.oparanews.com.br\/index.php\/wp-json\/wp\/v2\/posts"}],"about":[{"href":"https:\/\/www.oparanews.com.br\/index.php\/wp-json\/wp\/v2\/types\/post"}],"author":[{"embeddable":true,"href":"https:\/\/www.oparanews.com.br\/index.php\/wp-json\/wp\/v2\/users\/2"}],"replies":[{"embeddable":true,"href":"https:\/\/www.oparanews.com.br\/index.php\/wp-json\/wp\/v2\/comments?post=29124"}],"version-history":[{"count":1,"href":"https:\/\/www.oparanews.com.br\/index.php\/wp-json\/wp\/v2\/posts\/29124\/revisions"}],"predecessor-version":[{"id":29126,"href":"https:\/\/www.oparanews.com.br\/index.php\/wp-json\/wp\/v2\/posts\/29124\/revisions\/29126"}],"wp:featuredmedia":[{"embeddable":true,"href":"https:\/\/www.oparanews.com.br\/index.php\/wp-json\/wp\/v2\/media\/29125"}],"wp:attachment":[{"href":"https:\/\/www.oparanews.com.br\/index.php\/wp-json\/wp\/v2\/media?parent=29124"}],"wp:term":[{"taxonomy":"category","embeddable":true,"href":"https:\/\/www.oparanews.com.br\/index.php\/wp-json\/wp\/v2\/categories?post=29124"},{"taxonomy":"post_tag","embeddable":true,"href":"https:\/\/www.oparanews.com.br\/index.php\/wp-json\/wp\/v2\/tags?post=29124"}],"curies":[{"name":"wp","href":"https:\/\/api.w.org\/{rel}","templated":true}]}}