{"id":29154,"date":"2023-09-01T17:30:06","date_gmt":"2023-09-01T20:30:06","guid":{"rendered":"https:\/\/www.oparanews.com.br\/?p=29154"},"modified":"2023-09-01T17:31:39","modified_gmt":"2023-09-01T20:31:39","slug":"prefeitura-de-penedo-abre-comemoracoes-civicas-alusivas-a-semana-da-patria","status":"publish","type":"post","link":"https:\/\/www.oparanews.com.br\/index.php\/2023\/09\/01\/prefeitura-de-penedo-abre-comemoracoes-civicas-alusivas-a-semana-da-patria\/","title":{"rendered":"Prefeitura de Penedo abre comemora\u00e7\u00f5es c\u00edvicas alusivas \u00e0 Semana da P\u00e1tria"},"content":{"rendered":"<p>A celebra\u00e7\u00e3o dos 201 anos da independ\u00eancia do Brasil come\u00e7ou em Penedo nesta sexta-feira, 01 de setembro, com a abertura da Semana da P\u00e1tria, realizada no Pa\u00e7o Municipal.<\/p>\n<p>&nbsp;<\/p>\n<p>Diante da sede da Prefeitura de Penedo, estudantes, militares, servidores p\u00fablicos, vereadores e populares acompanharam as solenidades abertas com hasteamento dos pavilh\u00f5es, ao som do hino nacional.<\/p>\n<p>&nbsp;<\/p>\n<p>A banda municipal Maestro Jorge Souza Nascimento apresentou parte do que ir\u00e1 levar ao desfile c\u00edvico de 7 de Setembro, com os novos instrumentos entregues pelo Prefeito Ronaldo Lopes e o Secret\u00e1rio Municipal de Educa\u00e7\u00e3o, Luciano Lucena, durante a solenidade.<\/p>\n<p><a href=\"http:\/\/www.oparanews.com.br\/wp-content\/uploads\/2023\/09\/semana-patria-penedo-2023-31.jpeg\"><img loading=\"lazy\" decoding=\"async\" class=\"aligncenter size-full wp-image-29157\" src=\"http:\/\/www.oparanews.com.br\/wp-content\/uploads\/2023\/09\/semana-patria-penedo-2023-31.jpeg\" alt=\"\" width=\"1600\" height=\"1066\" srcset=\"https:\/\/www.oparanews.com.br\/wp-content\/uploads\/2023\/09\/semana-patria-penedo-2023-31.jpeg 1600w, https:\/\/www.oparanews.com.br\/wp-content\/uploads\/2023\/09\/semana-patria-penedo-2023-31-300x200.jpeg 300w, https:\/\/www.oparanews.com.br\/wp-content\/uploads\/2023\/09\/semana-patria-penedo-2023-31-1024x682.jpeg 1024w, https:\/\/www.oparanews.com.br\/wp-content\/uploads\/2023\/09\/semana-patria-penedo-2023-31-768x512.jpeg 768w, https:\/\/www.oparanews.com.br\/wp-content\/uploads\/2023\/09\/semana-patria-penedo-2023-31-1536x1023.jpeg 1536w\" sizes=\"auto, (max-width: 1600px) 100vw, 1600px\" \/><\/a><\/p>\n<p>Quem prestigiou a cerim\u00f4nia tamb\u00e9m aplaudiu a simula\u00e7\u00e3o de resgate realizada pelo 6\u00ba Grupamento de Bombeiros Militar (GBM).<\/p>\n<p>&nbsp;<\/p>\n<p>A programa\u00e7\u00e3o da Semana da P\u00e1tria ser\u00e1 retomada na pr\u00f3xima segunda-feira, 04, na Pra\u00e7a Bar\u00e3o de Penedo, a partir das 7h30, e ser\u00e1 conclu\u00edda na quinta, 07, com desfile que come\u00e7a na Pra\u00e7a Clementino do Monte, a partir das 14 horas.<\/p>\n<p>&nbsp;<\/p>\n<p>A parada c\u00edvico-militar em Penedo ser\u00e1 conclu\u00edda na orla ribeirinha, em frente \u00e0 Pra\u00e7a 12 de Abril, onde estar\u00e1 situado o palanque oficial e as arquibancadas para o p\u00fablico.<\/p>\n<p>&nbsp;<\/p>\n<p>A Secretaria Municipal de Comunica\u00e7\u00e3o (Secom) transmitir\u00e1, ao vivo, o desfile c\u00edvico em Penedo, desde o princ\u00edpio, no canal oficial da administra\u00e7\u00e3o municipal no YouTube.<\/p>\n<p>&nbsp;<\/p>\n<p>&nbsp;<\/p>\n<p>&nbsp;<\/p>\n<p><strong>Fonte: Secom PMP<\/strong><\/p>\n<p><a href=\"http:\/\/www.oparanews.com.br\/wp-content\/uploads\/2023\/09\/semana-patria-penedo-2023-2-1068x712-1.jpeg\"><img loading=\"lazy\" decoding=\"async\" class=\"alignleft size-medium wp-image-29159\" src=\"http:\/\/www.oparanews.com.br\/wp-content\/uploads\/2023\/09\/semana-patria-penedo-2023-2-1068x712-1-300x200.jpeg\" alt=\"\" width=\"300\" height=\"200\" srcset=\"https:\/\/www.oparanews.com.br\/wp-content\/uploads\/2023\/09\/semana-patria-penedo-2023-2-1068x712-1-300x200.jpeg 300w, https:\/\/www.oparanews.com.br\/wp-content\/uploads\/2023\/09\/semana-patria-penedo-2023-2-1068x712-1-1024x683.jpeg 1024w, https:\/\/www.oparanews.com.br\/wp-content\/uploads\/2023\/09\/semana-patria-penedo-2023-2-1068x712-1-768x512.jpeg 768w, https:\/\/www.oparanews.com.br\/wp-content\/uploads\/2023\/09\/semana-patria-penedo-2023-2-1068x712-1.jpeg 1068w\" sizes=\"auto, (max-width: 300px) 100vw, 300px\" \/><\/a><a href=\"http:\/\/www.oparanews.com.br\/wp-content\/uploads\/2023\/09\/semana-patria-penedo-2023-6-1068x712-1.jpeg\"><img loading=\"lazy\" decoding=\"async\" class=\"alignleft size-medium wp-image-29160\" src=\"http:\/\/www.oparanews.com.br\/wp-content\/uploads\/2023\/09\/semana-patria-penedo-2023-6-1068x712-1-300x200.jpeg\" alt=\"\" width=\"300\" height=\"200\" srcset=\"https:\/\/www.oparanews.com.br\/wp-content\/uploads\/2023\/09\/semana-patria-penedo-2023-6-1068x712-1-300x200.jpeg 300w, https:\/\/www.oparanews.com.br\/wp-content\/uploads\/2023\/09\/semana-patria-penedo-2023-6-1068x712-1-1024x683.jpeg 1024w, https:\/\/www.oparanews.com.br\/wp-content\/uploads\/2023\/09\/semana-patria-penedo-2023-6-1068x712-1-768x512.jpeg 768w, https:\/\/www.oparanews.com.br\/wp-content\/uploads\/2023\/09\/semana-patria-penedo-2023-6-1068x712-1.jpeg 1068w\" sizes=\"auto, (max-width: 300px) 100vw, 300px\" \/><\/a><\/p>\n<p>&nbsp;<\/p>\n<p>&nbsp;<\/p>\n<p>&nbsp;<\/p>\n<p>&nbsp;<\/p>\n<p>&nbsp;<\/p>\n<p>&nbsp;<\/p>\n<p>&nbsp;<\/p>\n","protected":false},"excerpt":{"rendered":"<p>A celebra\u00e7\u00e3o dos 201 anos da independ\u00eancia do Brasil come\u00e7ou em Penedo nesta sexta-feira, 01 de setembro, com a abertura da Semana da P\u00e1tria, realizada no Pa\u00e7o Municipal. &nbsp; Diante da sede da Prefeitura de Penedo, estudantes, militares, servidores p\u00fablicos, vereadores e populares acompanharam as solenidades abertas com hasteamento dos pavilh\u00f5es, ao som do hino &hellip;<\/p>\n","protected":false},"author":2,"featured_media":29155,"comment_status":"open","ping_status":"open","sticky":false,"template":"","format":"standard","meta":{"_jetpack_memberships_contains_paid_content":false,"footnotes":""},"categories":[1,3],"tags":[],"class_list":["post-29154","post","type-post","status-publish","format-standard","has-post-thumbnail","hentry","category-destaque","category-penedo"],"jetpack_featured_media_url":"https:\/\/www.oparanews.com.br\/wp-content\/uploads\/2023\/09\/semana-patria-penedo-2023.jpeg","jetpack_sharing_enabled":true,"_links":{"self":[{"href":"https:\/\/www.oparanews.com.br\/index.php\/wp-json\/wp\/v2\/posts\/29154","targetHints":{"allow":["GET"]}}],"collection":[{"href":"https:\/\/www.oparanews.com.br\/index.php\/wp-json\/wp\/v2\/posts"}],"about":[{"href":"https:\/\/www.oparanews.com.br\/index.php\/wp-json\/wp\/v2\/types\/post"}],"author":[{"embeddable":true,"href":"https:\/\/www.oparanews.com.br\/index.php\/wp-json\/wp\/v2\/users\/2"}],"replies":[{"embeddable":true,"href":"https:\/\/www.oparanews.com.br\/index.php\/wp-json\/wp\/v2\/comments?post=29154"}],"version-history":[{"count":2,"href":"https:\/\/www.oparanews.com.br\/index.php\/wp-json\/wp\/v2\/posts\/29154\/revisions"}],"predecessor-version":[{"id":29161,"href":"https:\/\/www.oparanews.com.br\/index.php\/wp-json\/wp\/v2\/posts\/29154\/revisions\/29161"}],"wp:featuredmedia":[{"embeddable":true,"href":"https:\/\/www.oparanews.com.br\/index.php\/wp-json\/wp\/v2\/media\/29155"}],"wp:attachment":[{"href":"https:\/\/www.oparanews.com.br\/index.php\/wp-json\/wp\/v2\/media?parent=29154"}],"wp:term":[{"taxonomy":"category","embeddable":true,"href":"https:\/\/www.oparanews.com.br\/index.php\/wp-json\/wp\/v2\/categories?post=29154"},{"taxonomy":"post_tag","embeddable":true,"href":"https:\/\/www.oparanews.com.br\/index.php\/wp-json\/wp\/v2\/tags?post=29154"}],"curies":[{"name":"wp","href":"https:\/\/api.w.org\/{rel}","templated":true}]}}