{"id":29165,"date":"2023-09-02T23:58:58","date_gmt":"2023-09-03T02:58:58","guid":{"rendered":"https:\/\/www.oparanews.com.br\/?p=29165"},"modified":"2023-09-02T23:58:58","modified_gmt":"2023-09-03T02:58:58","slug":"emissao-de-nota-fiscal-eletronica-para-mei-passa-a-ser-feita-apenas-no-portal-da-receita-federal","status":"publish","type":"post","link":"https:\/\/www.oparanews.com.br\/index.php\/2023\/09\/02\/emissao-de-nota-fiscal-eletronica-para-mei-passa-a-ser-feita-apenas-no-portal-da-receita-federal\/","title":{"rendered":"Emiss\u00e3o de Nota Fiscal Eletr\u00f4nica para MEI passa a ser feita apenas no portal da Receita Federal"},"content":{"rendered":"<p>Quem trabalha como Microempreendedor Individual (MEI) em Penedo ou em qualquer outro munic\u00edpio brasileiro ter\u00e1 que emitir sua Nota Fiscal Eletr\u00f4nica (NFS-e) no portal da Receita Federal.<\/p>\n<p>&nbsp;<\/p>\n<p>A medida que impede a emiss\u00e3o da NFS-e para MEIs na p\u00e1gina de servi\u00e7os aos contribuintes das prefeituras entrou em vigor a partir desta sexta-feira, 01 de setembro.<\/p>\n<p>&nbsp;<\/p>\n<p>A altera\u00e7\u00e3o do Comit\u00ea Gestor do Simples Nacional (CGSN) visa padronizar as emiss\u00f5es e promover a simplifica\u00e7\u00e3o aos prestadores de servi\u00e7o, de acordo com a Receita Federal.<\/p>\n<p>&nbsp;<\/p>\n<p>MEIs que atuam em Penedo que necessitem de orienta\u00e7\u00e3o ou precisam emitir a NFS-e com o devido aux\u00edlio devem ir at\u00e9 a Sala do Empreendedor, espa\u00e7o que funciona na sede da Secretaria Municipal de Desenvolvimento Econ\u00f4mico, Com\u00e9rcio e Ind\u00fastria (Sedecin).<\/p>\n<p>&nbsp;<\/p>\n<p>A assist\u00eancia aos Microempreendedores Individuais em Penedo na Sala do Empreendedor est\u00e1 dispon\u00edvel de segunda \u00e0 sexta-feira, no hor\u00e1rio das 7h30 \u00e0s 13h30, na Rua Sete de Setembro, n\u00ba 116, ao lado da sede do Conselho Tutelar, Centro Hist\u00f3rico da cidade.<\/p>\n<p>&nbsp;<\/p>\n<p>Com o objetivo de facilitar a utiliza\u00e7\u00e3o da nova regra, foi disponibilizado no portal da NFS-e um passo a passo com as instru\u00e7\u00f5es necess\u00e1rias \u00e0 correta emiss\u00e3o pelos MEIs.<\/p>\n<p>&nbsp;<\/p>\n<p><a href=\"https:\/\/www.nfse.gov.br\/EmissorNacional\/Login?ReturnUrl=%2fEmissorNacional\"><strong>Clique aqui para emitir a NFS-e para MEI<\/strong><\/a><\/p>\n<p>&nbsp;<\/p>\n<p><a href=\"https:\/\/penedo.al.gov.br\/wp-content\/uploads\/2023\/09\/ebook-cadastramento-e-emissao-nfs-e-ago-2023-1.pdf\"><strong>passo-a-passo-cadastramento-e-emissao-nfs-e<\/strong><\/a><\/p>\n<p>&nbsp;<\/p>\n<p>&nbsp;<\/p>\n<p>&nbsp;<\/p>\n<p><strong>Fonte: Secom PMP<\/strong><\/p>\n<p>&nbsp;<\/p>\n","protected":false},"excerpt":{"rendered":"<p>Quem trabalha como Microempreendedor Individual (MEI) em Penedo ou em qualquer outro munic\u00edpio brasileiro ter\u00e1 que emitir sua Nota Fiscal Eletr\u00f4nica (NFS-e) no portal da Receita Federal. &nbsp; A medida que impede a emiss\u00e3o da NFS-e para MEIs na p\u00e1gina de servi\u00e7os aos contribuintes das prefeituras entrou em vigor a partir desta sexta-feira, 01 de &hellip;<\/p>\n","protected":false},"author":2,"featured_media":29166,"comment_status":"open","ping_status":"open","sticky":false,"template":"","format":"standard","meta":{"_jetpack_memberships_contains_paid_content":false,"footnotes":""},"categories":[1,3],"tags":[],"class_list":["post-29165","post","type-post","status-publish","format-standard","has-post-thumbnail","hentry","category-destaque","category-penedo"],"jetpack_featured_media_url":"https:\/\/www.oparanews.com.br\/wp-content\/uploads\/2023\/09\/capanfs-e.jpg","jetpack_sharing_enabled":true,"_links":{"self":[{"href":"https:\/\/www.oparanews.com.br\/index.php\/wp-json\/wp\/v2\/posts\/29165","targetHints":{"allow":["GET"]}}],"collection":[{"href":"https:\/\/www.oparanews.com.br\/index.php\/wp-json\/wp\/v2\/posts"}],"about":[{"href":"https:\/\/www.oparanews.com.br\/index.php\/wp-json\/wp\/v2\/types\/post"}],"author":[{"embeddable":true,"href":"https:\/\/www.oparanews.com.br\/index.php\/wp-json\/wp\/v2\/users\/2"}],"replies":[{"embeddable":true,"href":"https:\/\/www.oparanews.com.br\/index.php\/wp-json\/wp\/v2\/comments?post=29165"}],"version-history":[{"count":1,"href":"https:\/\/www.oparanews.com.br\/index.php\/wp-json\/wp\/v2\/posts\/29165\/revisions"}],"predecessor-version":[{"id":29167,"href":"https:\/\/www.oparanews.com.br\/index.php\/wp-json\/wp\/v2\/posts\/29165\/revisions\/29167"}],"wp:featuredmedia":[{"embeddable":true,"href":"https:\/\/www.oparanews.com.br\/index.php\/wp-json\/wp\/v2\/media\/29166"}],"wp:attachment":[{"href":"https:\/\/www.oparanews.com.br\/index.php\/wp-json\/wp\/v2\/media?parent=29165"}],"wp:term":[{"taxonomy":"category","embeddable":true,"href":"https:\/\/www.oparanews.com.br\/index.php\/wp-json\/wp\/v2\/categories?post=29165"},{"taxonomy":"post_tag","embeddable":true,"href":"https:\/\/www.oparanews.com.br\/index.php\/wp-json\/wp\/v2\/tags?post=29165"}],"curies":[{"name":"wp","href":"https:\/\/api.w.org\/{rel}","templated":true}]}}