{"id":29193,"date":"2023-09-06T11:41:53","date_gmt":"2023-09-06T14:41:53","guid":{"rendered":"https:\/\/www.oparanews.com.br\/?p=29193"},"modified":"2023-09-06T11:42:28","modified_gmt":"2023-09-06T14:42:28","slug":"programa-cultura-presente-ensina-e-estimula-interesse-de-estudantes-de-penedo-sobre-folclore-e-arte","status":"publish","type":"post","link":"https:\/\/www.oparanews.com.br\/index.php\/2023\/09\/06\/programa-cultura-presente-ensina-e-estimula-interesse-de-estudantes-de-penedo-sobre-folclore-e-arte\/","title":{"rendered":"Programa Cultura Presente ensina e estimula interesse de estudantes de Penedo sobre folclore e arte"},"content":{"rendered":"<p>A Secretaria Municipal de Cultura, Lazer e Juventude (SEMCLEJ) est\u00e1 aproximando estudantes de escolas p\u00fablicas e particulares das manifesta\u00e7\u00f5es art\u00edsticas e folcl\u00f3ricas que existem em Penedo.<\/p>\n<p>&nbsp;<\/p>\n<p>O trabalho liderado pela Secret\u00e1ria Teresa Machado acontece de forma itinerante, com di\u00e1logo da equipe da SEMCLEJ e dos fazedores de cultura com alunos e alunas, iniciativa muito bem recebida pelo p\u00fablico-alvo do Programa Cultura Presente.<\/p>\n<p>&nbsp;<\/p>\n<p>\u201cO nosso objetivo \u00e9 mostrar \u00e0 nossa juventude o que Penedo tem de melhor no \u00e2mbito cultural, conversando com estudantes, levando apresenta\u00e7\u00f5es at\u00e9 a sala de aula para despertar o interesse, a curiosidade nos jovens\u201d, explica Teresa sobre a estrat\u00e9gia que tamb\u00e9m forma plateias, promove a difus\u00e3o cultural e estimula o gosto por tradi\u00e7\u00f5es folcl\u00f3ricas e art\u00edsticas.<\/p>\n<p>&nbsp;<\/p>\n<p>A primeira etapa do programa selecionou uma unidade de ensino da Prefeitura de Penedo (Escola Municipal Bar\u00e3o de Penedo) e tr\u00eas da rede privada (Col\u00e9gio Imaculada Concei\u00e7\u00e3o, Escola Nossa Senhora Auxiliadora e Col\u00e9gio Diocesano de Penedo).<\/p>\n<p>&nbsp;<\/p>\n<p>J\u00e1 a pr\u00f3xima fase do Cultura Presente vai concentrar as visitas na rede de ensino da Secretaria Municipal de Cultura (Semed).<\/p>\n<figure id=\"attachment_29195\" aria-describedby=\"caption-attachment-29195\" style=\"width: 1600px\" class=\"wp-caption alignleft\"><a href=\"http:\/\/www.oparanews.com.br\/wp-content\/uploads\/2023\/09\/programa-cultura-presente-penedo-semclej-28.jpeg\"><img loading=\"lazy\" decoding=\"async\" class=\"wp-image-29195 size-full\" src=\"http:\/\/www.oparanews.com.br\/wp-content\/uploads\/2023\/09\/programa-cultura-presente-penedo-semclej-28.jpeg\" alt=\"\" width=\"1600\" height=\"1066\" srcset=\"https:\/\/www.oparanews.com.br\/wp-content\/uploads\/2023\/09\/programa-cultura-presente-penedo-semclej-28.jpeg 1600w, https:\/\/www.oparanews.com.br\/wp-content\/uploads\/2023\/09\/programa-cultura-presente-penedo-semclej-28-300x200.jpeg 300w, https:\/\/www.oparanews.com.br\/wp-content\/uploads\/2023\/09\/programa-cultura-presente-penedo-semclej-28-1024x682.jpeg 1024w, https:\/\/www.oparanews.com.br\/wp-content\/uploads\/2023\/09\/programa-cultura-presente-penedo-semclej-28-768x512.jpeg 768w, https:\/\/www.oparanews.com.br\/wp-content\/uploads\/2023\/09\/programa-cultura-presente-penedo-semclej-28-1536x1023.jpeg 1536w\" sizes=\"auto, (max-width: 1600px) 100vw, 1600px\" \/><\/a><figcaption id=\"caption-attachment-29195\" class=\"wp-caption-text\">Foto: Kamylla Feitosa<\/figcaption><\/figure>\n<p>\u201cN\u00f3s encerramos o m\u00eas de agosto no Col\u00e9gio Diocesano, com estudantes do 6\u00ba ao 3\u00ba ano, um encontro muito produtivo, com uma din\u00e2mica incr\u00edvel porque eles se envolvem mesmo, fazem perguntas, se empolgam com a apresenta\u00e7\u00e3o cultural e a gente ainda sugere que fa\u00e7am pesquisas, que procurem saber mais sobre a nossa cultura, nossos artistas, escultores, artes\u00e3os, m\u00fasicos, grupos folcl\u00f3ricos porque tudo isso colabora com a forma\u00e7\u00e3o da nossa identidade como penedense, como alagoano, como cidad\u00e3o brasileiro\u201d, destaca Teresa Machado.<\/p>\n<p>&nbsp;<\/p>\n<p>&nbsp;<\/p>\n<p>&nbsp;<\/p>\n<p>&nbsp;<\/p>\n<p><strong>Fonte: Assessoria SEMCLEJ Penedo<\/strong><\/p>\n<p>&nbsp;<\/p>\n","protected":false},"excerpt":{"rendered":"<p>A Secretaria Municipal de Cultura, Lazer e Juventude (SEMCLEJ) est\u00e1 aproximando estudantes de escolas p\u00fablicas e particulares das manifesta\u00e7\u00f5es art\u00edsticas e folcl\u00f3ricas que existem em Penedo. &nbsp; O trabalho liderado pela Secret\u00e1ria Teresa Machado acontece de forma itinerante, com di\u00e1logo da equipe da SEMCLEJ e dos fazedores de cultura com alunos e alunas, iniciativa muito &hellip;<\/p>\n","protected":false},"author":2,"featured_media":29194,"comment_status":"open","ping_status":"open","sticky":false,"template":"","format":"standard","meta":{"_jetpack_memberships_contains_paid_content":false,"footnotes":""},"categories":[1,3],"tags":[],"class_list":["post-29193","post","type-post","status-publish","format-standard","has-post-thumbnail","hentry","category-destaque","category-penedo"],"jetpack_featured_media_url":"https:\/\/www.oparanews.com.br\/wp-content\/uploads\/2023\/09\/programa-cultura-presente-penedo-semclej.jpeg","jetpack_sharing_enabled":true,"_links":{"self":[{"href":"https:\/\/www.oparanews.com.br\/index.php\/wp-json\/wp\/v2\/posts\/29193","targetHints":{"allow":["GET"]}}],"collection":[{"href":"https:\/\/www.oparanews.com.br\/index.php\/wp-json\/wp\/v2\/posts"}],"about":[{"href":"https:\/\/www.oparanews.com.br\/index.php\/wp-json\/wp\/v2\/types\/post"}],"author":[{"embeddable":true,"href":"https:\/\/www.oparanews.com.br\/index.php\/wp-json\/wp\/v2\/users\/2"}],"replies":[{"embeddable":true,"href":"https:\/\/www.oparanews.com.br\/index.php\/wp-json\/wp\/v2\/comments?post=29193"}],"version-history":[{"count":2,"href":"https:\/\/www.oparanews.com.br\/index.php\/wp-json\/wp\/v2\/posts\/29193\/revisions"}],"predecessor-version":[{"id":29197,"href":"https:\/\/www.oparanews.com.br\/index.php\/wp-json\/wp\/v2\/posts\/29193\/revisions\/29197"}],"wp:featuredmedia":[{"embeddable":true,"href":"https:\/\/www.oparanews.com.br\/index.php\/wp-json\/wp\/v2\/media\/29194"}],"wp:attachment":[{"href":"https:\/\/www.oparanews.com.br\/index.php\/wp-json\/wp\/v2\/media?parent=29193"}],"wp:term":[{"taxonomy":"category","embeddable":true,"href":"https:\/\/www.oparanews.com.br\/index.php\/wp-json\/wp\/v2\/categories?post=29193"},{"taxonomy":"post_tag","embeddable":true,"href":"https:\/\/www.oparanews.com.br\/index.php\/wp-json\/wp\/v2\/tags?post=29193"}],"curies":[{"name":"wp","href":"https:\/\/api.w.org\/{rel}","templated":true}]}}