{"id":29228,"date":"2023-09-11T14:34:23","date_gmt":"2023-09-11T17:34:23","guid":{"rendered":"https:\/\/www.oparanews.com.br\/?p=29228"},"modified":"2023-09-11T14:34:23","modified_gmt":"2023-09-11T17:34:23","slug":"homem-e-preso-em-flagrante-transportando-medicamentos-sem-registro-de-fabricacao-em-pila","status":"publish","type":"post","link":"https:\/\/www.oparanews.com.br\/index.php\/2023\/09\/11\/homem-e-preso-em-flagrante-transportando-medicamentos-sem-registro-de-fabricacao-em-pila\/","title":{"rendered":"Homem \u00e9 preso em flagrante transportando medicamentos sem registro de fabrica\u00e7\u00e3o em Pila"},"content":{"rendered":"<p>Um homem de 47 anos foi preso em flagrante transportando v\u00e1rias caixas e sacolas de medicamentos sem registro de fabrica\u00e7\u00e3o e sem nota fiscal. Ele estava em um carro que foi abordado durante uma opera\u00e7\u00e3o de rotina da Pol\u00edcia Rodovi\u00e1ria Federal (PRF) na cidade de Pilar, interior de Alagoas.<\/p>\n<p>&nbsp;<\/p>\n<p>A pris\u00e3o foi informada nesta segunda-feira (11). O homem foi encaminhado para a Central de Flagrantes onde foi ouvido pela delegada Maria Tereza Ramos.<\/p>\n<p>&nbsp;<\/p>\n<p>Acompanhado de um advogado, disse que comprava os produtos no Mercado da Produ\u00e7\u00e3o e em lojas que ficam na Rua Augusta, em Macei\u00f3, e tamb\u00e9m em uma loja que fica em um s\u00edtio, em Palmeira dos \u00cdndios. O preso alegou que n\u00e3o sabia que n\u00e3o poderia revender produtos sem registro de fabrica\u00e7\u00e3o.<\/p>\n<p>&nbsp;<\/p>\n<p>Nas caixas foram encontrados medicamentos com indica\u00e7\u00e3o para os rins, para coluna, suplementos, emagrecedores, xaropes para gripe, pomadas, cremes entre outros produtos.<\/p>\n<p>&nbsp;<\/p>\n<p>O homem foi autuado em flagrante por falsifica\u00e7\u00e3o, corrup\u00e7\u00e3o, adultera\u00e7\u00e3o e por deixar de fornecer nota fiscal dos produtos. Toda a mercadoria, al\u00e9m do ve\u00edculo que ele dirigia, foram apreendidos.<\/p>\n<p>&nbsp;<\/p>\n<p>&nbsp;<\/p>\n<p>&nbsp;<\/p>\n<p><strong>Fonte: G1\/AL<\/strong><\/p>\n<p>&nbsp;<\/p>\n","protected":false},"excerpt":{"rendered":"<p>Um homem de 47 anos foi preso em flagrante transportando v\u00e1rias caixas e sacolas de medicamentos sem registro de fabrica\u00e7\u00e3o e sem nota fiscal. Ele estava em um carro que foi abordado durante uma opera\u00e7\u00e3o de rotina da Pol\u00edcia Rodovi\u00e1ria Federal (PRF) na cidade de Pilar, interior de Alagoas. &nbsp; A pris\u00e3o foi informada nesta &hellip;<\/p>\n","protected":false},"author":2,"featured_media":29229,"comment_status":"open","ping_status":"open","sticky":false,"template":"","format":"standard","meta":{"_jetpack_memberships_contains_paid_content":false,"footnotes":""},"categories":[4],"tags":[],"class_list":["post-29228","post","type-post","status-publish","format-standard","has-post-thumbnail","hentry","category-alagoas"],"jetpack_featured_media_url":"https:\/\/www.oparanews.com.br\/wp-content\/uploads\/2023\/09\/remedios.webp","jetpack_sharing_enabled":true,"_links":{"self":[{"href":"https:\/\/www.oparanews.com.br\/index.php\/wp-json\/wp\/v2\/posts\/29228","targetHints":{"allow":["GET"]}}],"collection":[{"href":"https:\/\/www.oparanews.com.br\/index.php\/wp-json\/wp\/v2\/posts"}],"about":[{"href":"https:\/\/www.oparanews.com.br\/index.php\/wp-json\/wp\/v2\/types\/post"}],"author":[{"embeddable":true,"href":"https:\/\/www.oparanews.com.br\/index.php\/wp-json\/wp\/v2\/users\/2"}],"replies":[{"embeddable":true,"href":"https:\/\/www.oparanews.com.br\/index.php\/wp-json\/wp\/v2\/comments?post=29228"}],"version-history":[{"count":1,"href":"https:\/\/www.oparanews.com.br\/index.php\/wp-json\/wp\/v2\/posts\/29228\/revisions"}],"predecessor-version":[{"id":29230,"href":"https:\/\/www.oparanews.com.br\/index.php\/wp-json\/wp\/v2\/posts\/29228\/revisions\/29230"}],"wp:featuredmedia":[{"embeddable":true,"href":"https:\/\/www.oparanews.com.br\/index.php\/wp-json\/wp\/v2\/media\/29229"}],"wp:attachment":[{"href":"https:\/\/www.oparanews.com.br\/index.php\/wp-json\/wp\/v2\/media?parent=29228"}],"wp:term":[{"taxonomy":"category","embeddable":true,"href":"https:\/\/www.oparanews.com.br\/index.php\/wp-json\/wp\/v2\/categories?post=29228"},{"taxonomy":"post_tag","embeddable":true,"href":"https:\/\/www.oparanews.com.br\/index.php\/wp-json\/wp\/v2\/tags?post=29228"}],"curies":[{"name":"wp","href":"https:\/\/api.w.org\/{rel}","templated":true}]}}