{"id":29235,"date":"2023-09-12T22:00:13","date_gmt":"2023-09-13T01:00:13","guid":{"rendered":"https:\/\/www.oparanews.com.br\/?p=29235"},"modified":"2023-09-12T22:00:13","modified_gmt":"2023-09-13T01:00:13","slug":"cronista-esportivo-antonio-correia-lanca-livro-na-sede-do-sport-club-penedense","status":"publish","type":"post","link":"https:\/\/www.oparanews.com.br\/index.php\/2023\/09\/12\/cronista-esportivo-antonio-correia-lanca-livro-na-sede-do-sport-club-penedense\/","title":{"rendered":"Cronista esportivo Ant\u00f4nio Correia lan\u00e7a livro na sede do Sport Club Penedense"},"content":{"rendered":"<p>A sede do Sport Club Penedense abre suas portas para um filho da terra que tem no futebol uma paix\u00e3o do tamanho do amor dos torcedores ribeirinhos pelo alvirrubro do Cajueiro Grande.<\/p>\n<p>&nbsp;<\/p>\n<p>Ant\u00f4nio Correia Calumby \u00e9 cronista esportivo desde a d\u00e9cada de 1960, quando iniciou sua carreira na AM S\u00e3o Francisco, a \u2018escola\u2019 de gera\u00e7\u00f5es de radialistas silenciada em 2017. Ele volta \u00e0 cidade natal para lan\u00e7ar o livro Topadas de Boleiros, o terceiro de sua autoria e que tamb\u00e9m foi levado ao p\u00fablico da 10\u00aa Bienal do Livro, realizada pela Ufal no \u00faltimo m\u00eas de agosto, em Macei\u00f3.<\/p>\n<p>&nbsp;<\/p>\n<p>\u201cOs anteriores foram No Ritmo da Bola e Da Lateral e todos representam a minha contribui\u00e7\u00e3o \u00e0 mem\u00f3ria do futebol e do r\u00e1dio esportivo da minha gera\u00e7\u00e3o. S\u00e3o fatos e \u2018causos\u2019 vividos por mim ou a mim contados por amigos ou companheiros do r\u00e1dio\u201d, informa Ant\u00f4nio Correia para a Secretaria de Comunica\u00e7\u00e3o da Prefeitura de Penedo.<\/p>\n<p><a href=\"http:\/\/www.oparanews.com.br\/wp-content\/uploads\/2023\/09\/antonio-correira-pajucara.jpg\"><img loading=\"lazy\" decoding=\"async\" class=\"aligncenter size-full wp-image-29237\" src=\"http:\/\/www.oparanews.com.br\/wp-content\/uploads\/2023\/09\/antonio-correira-pajucara.jpg\" alt=\"\" width=\"788\" height=\"636\" srcset=\"https:\/\/www.oparanews.com.br\/wp-content\/uploads\/2023\/09\/antonio-correira-pajucara.jpg 788w, https:\/\/www.oparanews.com.br\/wp-content\/uploads\/2023\/09\/antonio-correira-pajucara-300x242.jpg 300w, https:\/\/www.oparanews.com.br\/wp-content\/uploads\/2023\/09\/antonio-correira-pajucara-768x620.jpg 768w\" sizes=\"auto, (max-width: 788px) 100vw, 788px\" \/><\/a><\/p>\n<p>Banc\u00e1rio por profiss\u00e3o e comentarista esportivo por paix\u00e3o ao futebol, tamb\u00e9m trabalhou na R\u00e1dio Novo Nordeste, de Arapiraca. \u201cQuando vim morar em Macei\u00f3, me aposentei como funcion\u00e1rio do Banco do Brasil e, seguindo na imprensa esportiva, ingressei na R\u00e1dio Difusora, onde atuei por v\u00e1rias temporadas. Tamb\u00e9m fui comentarista esportivo nas r\u00e1dios Jornal, Correio e Paju\u00e7ara, e trabalhei na TV Paju\u00e7ara e na TV Macei\u00f3\u201d, informa Correia.<\/p>\n<p>&nbsp;<\/p>\n<p>\u201cEm resumo, o objetivo dos meus livros \u00e9 n\u00e3o deixar cair no esquecimento fatos importantes e pitorescos que me divertiram bastante nas viagens que fiz com equipes das r\u00e1dios para cobrir jogos de futebol. Eu ouvia, me divertia bastante, e pensava: se ningu\u00e9m escrever ou gravar, logo cair\u00e3o no esquecimento. E assim nasceu a ideia de escrever livros\u201d, revela Ant\u00f4nio Correia.<\/p>\n<p>&nbsp;<\/p>\n<p>A noite de aut\u00f3grafos acontece a partir das 19 horas da pr\u00f3xima sexta-feira, 15 de setembro, na sede do clube que conquistou a S\u00e9rie B 2023, t\u00edtulo que tamb\u00e9m recolocou o Sport Club Penedense na primeira divis\u00e3o do futebol alagoano.<\/p>\n<p>&nbsp;<\/p>\n<p>Essas alegrias t\u00eam apoio fundamental do governo Ronaldo Lopes\/Jo\u00e3o, gest\u00e3o que recuperou a sede do Sport Club Penedense, o gramado e parte da estrutura do est\u00e1dio dr. Alfredo Leahy e paga aluguel ao clube para a Secretaria Municipal de Esportes (SMES) funcionar no im\u00f3vel onde tamb\u00e9m ser\u00e1 instalado um memorial.<\/p>\n<p><a href=\"http:\/\/www.oparanews.com.br\/wp-content\/uploads\/2023\/09\/WhatsApp-Image-2023-09-11-at-13.14.10.jpeg\"><img loading=\"lazy\" decoding=\"async\" class=\"aligncenter size-full wp-image-29238\" src=\"http:\/\/www.oparanews.com.br\/wp-content\/uploads\/2023\/09\/WhatsApp-Image-2023-09-11-at-13.14.10.jpeg\" alt=\"\" width=\"1280\" height=\"1600\" srcset=\"https:\/\/www.oparanews.com.br\/wp-content\/uploads\/2023\/09\/WhatsApp-Image-2023-09-11-at-13.14.10.jpeg 1280w, https:\/\/www.oparanews.com.br\/wp-content\/uploads\/2023\/09\/WhatsApp-Image-2023-09-11-at-13.14.10-240x300.jpeg 240w, https:\/\/www.oparanews.com.br\/wp-content\/uploads\/2023\/09\/WhatsApp-Image-2023-09-11-at-13.14.10-819x1024.jpeg 819w, https:\/\/www.oparanews.com.br\/wp-content\/uploads\/2023\/09\/WhatsApp-Image-2023-09-11-at-13.14.10-768x960.jpeg 768w, https:\/\/www.oparanews.com.br\/wp-content\/uploads\/2023\/09\/WhatsApp-Image-2023-09-11-at-13.14.10-1229x1536.jpeg 1229w\" sizes=\"auto, (max-width: 1280px) 100vw, 1280px\" \/><\/a><\/p>\n<p>&nbsp;<\/p>\n<p>&nbsp;<\/p>\n<p><strong>Fonte: Secom PMP<\/strong><\/p>\n<p>&nbsp;<\/p>\n","protected":false},"excerpt":{"rendered":"<p>A sede do Sport Club Penedense abre suas portas para um filho da terra que tem no futebol uma paix\u00e3o do tamanho do amor dos torcedores ribeirinhos pelo alvirrubro do Cajueiro Grande. &nbsp; Ant\u00f4nio Correia Calumby \u00e9 cronista esportivo desde a d\u00e9cada de 1960, quando iniciou sua carreira na AM S\u00e3o Francisco, a \u2018escola\u2019 de &hellip;<\/p>\n","protected":false},"author":2,"featured_media":29236,"comment_status":"open","ping_status":"open","sticky":false,"template":"","format":"standard","meta":{"_jetpack_memberships_contains_paid_content":false,"footnotes":""},"categories":[1,3],"tags":[],"class_list":["post-29235","post","type-post","status-publish","format-standard","has-post-thumbnail","hentry","category-destaque","category-penedo"],"jetpack_featured_media_url":"https:\/\/www.oparanews.com.br\/wp-content\/uploads\/2023\/09\/cronista-antonio-correia-foto-renner-boldrino-ascom-ufal.jpg","jetpack_sharing_enabled":true,"_links":{"self":[{"href":"https:\/\/www.oparanews.com.br\/index.php\/wp-json\/wp\/v2\/posts\/29235","targetHints":{"allow":["GET"]}}],"collection":[{"href":"https:\/\/www.oparanews.com.br\/index.php\/wp-json\/wp\/v2\/posts"}],"about":[{"href":"https:\/\/www.oparanews.com.br\/index.php\/wp-json\/wp\/v2\/types\/post"}],"author":[{"embeddable":true,"href":"https:\/\/www.oparanews.com.br\/index.php\/wp-json\/wp\/v2\/users\/2"}],"replies":[{"embeddable":true,"href":"https:\/\/www.oparanews.com.br\/index.php\/wp-json\/wp\/v2\/comments?post=29235"}],"version-history":[{"count":1,"href":"https:\/\/www.oparanews.com.br\/index.php\/wp-json\/wp\/v2\/posts\/29235\/revisions"}],"predecessor-version":[{"id":29239,"href":"https:\/\/www.oparanews.com.br\/index.php\/wp-json\/wp\/v2\/posts\/29235\/revisions\/29239"}],"wp:featuredmedia":[{"embeddable":true,"href":"https:\/\/www.oparanews.com.br\/index.php\/wp-json\/wp\/v2\/media\/29236"}],"wp:attachment":[{"href":"https:\/\/www.oparanews.com.br\/index.php\/wp-json\/wp\/v2\/media?parent=29235"}],"wp:term":[{"taxonomy":"category","embeddable":true,"href":"https:\/\/www.oparanews.com.br\/index.php\/wp-json\/wp\/v2\/categories?post=29235"},{"taxonomy":"post_tag","embeddable":true,"href":"https:\/\/www.oparanews.com.br\/index.php\/wp-json\/wp\/v2\/tags?post=29235"}],"curies":[{"name":"wp","href":"https:\/\/api.w.org\/{rel}","templated":true}]}}