{"id":29250,"date":"2023-09-13T23:11:24","date_gmt":"2023-09-14T02:11:24","guid":{"rendered":"https:\/\/www.oparanews.com.br\/?p=29250"},"modified":"2023-09-13T23:11:24","modified_gmt":"2023-09-14T02:11:24","slug":"smtt-penedo-interdita-trecho-da-avenida-candido-toledo-para-realizacao-de-operacao-tapa-buraco","status":"publish","type":"post","link":"https:\/\/www.oparanews.com.br\/index.php\/2023\/09\/13\/smtt-penedo-interdita-trecho-da-avenida-candido-toledo-para-realizacao-de-operacao-tapa-buraco\/","title":{"rendered":"SMTT Penedo interdita trecho da Avenida C\u00e2ndido Toledo para realiza\u00e7\u00e3o de opera\u00e7\u00e3o tapa-buraco"},"content":{"rendered":"<p>A Superintend\u00eancia Municipal de Transporte e Tr\u00e2nsito (SMTT) de Penedo interditou nesta quarta-feira (13) um trecho da Avenida C\u00e2ndido Toledo, como parte de uma opera\u00e7\u00e3o de manuten\u00e7\u00e3o da via com o objetivo de melhorar a mobilidade urbana e o tr\u00e1fego local.<\/p>\n<p>&nbsp;<\/p>\n<p>A a\u00e7\u00e3o do setor da Prefeitura de Penedo ocorre nas imedia\u00e7\u00f5es do supermercado Todo Dia, no Trevo do Bom Jesus, com necessidade de interdi\u00e7\u00e3o para garantir a seguran\u00e7a dos trabalhadores envolvidos na opera\u00e7\u00e3o, preservando o maquin\u00e1rio utilizado no local e assegurando o progresso das melhorias na via.<\/p>\n<p>&nbsp;<\/p>\n<p>Para os residentes e motoristas que se deslocam da Vila Matias em dire\u00e7\u00e3o ao Centro, o acesso \u00e0 Avenida C\u00e2ndido Toledo ser\u00e1 desviado para a Rua Duque de Caxias, atrav\u00e9s das ruas transversais do bairro Vila Matias. J\u00e1 para quem trafega do Centro em dire\u00e7\u00e3o \u00e0 Avenida C\u00e2ndido Toledo, o acesso ser\u00e1 feito pela Rua Tenente Eul\u00f3gio Bispo.<\/p>\n<p>&nbsp;<\/p>\n<p>A SMTT Penedo refor\u00e7a a import\u00e2ncia da compreens\u00e3o e coopera\u00e7\u00e3o de todos os cidad\u00e3os durante o per\u00edodo de interdi\u00e7\u00e3o, visando \u00e0 realiza\u00e7\u00e3o eficaz das melhorias na infraestrutura da cidade.<\/p>\n<p>&nbsp;<\/p>\n<p>&nbsp;<\/p>\n<p>&nbsp;<\/p>\n<p>&nbsp;<\/p>\n<p><strong>por Janyelle Vieira \u2013 jornalista e social media Secom PMP<\/strong><\/p>\n<p>&nbsp;<\/p>\n","protected":false},"excerpt":{"rendered":"<p>A Superintend\u00eancia Municipal de Transporte e Tr\u00e2nsito (SMTT) de Penedo interditou nesta quarta-feira (13) um trecho da Avenida C\u00e2ndido Toledo, como parte de uma opera\u00e7\u00e3o de manuten\u00e7\u00e3o da via com o objetivo de melhorar a mobilidade urbana e o tr\u00e1fego local. &nbsp; A a\u00e7\u00e3o do setor da Prefeitura de Penedo ocorre nas imedia\u00e7\u00f5es do supermercado &hellip;<\/p>\n","protected":false},"author":2,"featured_media":29251,"comment_status":"open","ping_status":"open","sticky":false,"template":"","format":"standard","meta":{"_jetpack_memberships_contains_paid_content":false,"footnotes":""},"categories":[1,3],"tags":[],"class_list":["post-29250","post","type-post","status-publish","format-standard","has-post-thumbnail","hentry","category-destaque","category-penedo"],"jetpack_featured_media_url":"https:\/\/www.oparanews.com.br\/wp-content\/uploads\/2023\/09\/smtt-penedo-operacao-tapa-buraco-2.jpeg","jetpack_sharing_enabled":true,"_links":{"self":[{"href":"https:\/\/www.oparanews.com.br\/index.php\/wp-json\/wp\/v2\/posts\/29250","targetHints":{"allow":["GET"]}}],"collection":[{"href":"https:\/\/www.oparanews.com.br\/index.php\/wp-json\/wp\/v2\/posts"}],"about":[{"href":"https:\/\/www.oparanews.com.br\/index.php\/wp-json\/wp\/v2\/types\/post"}],"author":[{"embeddable":true,"href":"https:\/\/www.oparanews.com.br\/index.php\/wp-json\/wp\/v2\/users\/2"}],"replies":[{"embeddable":true,"href":"https:\/\/www.oparanews.com.br\/index.php\/wp-json\/wp\/v2\/comments?post=29250"}],"version-history":[{"count":1,"href":"https:\/\/www.oparanews.com.br\/index.php\/wp-json\/wp\/v2\/posts\/29250\/revisions"}],"predecessor-version":[{"id":29252,"href":"https:\/\/www.oparanews.com.br\/index.php\/wp-json\/wp\/v2\/posts\/29250\/revisions\/29252"}],"wp:featuredmedia":[{"embeddable":true,"href":"https:\/\/www.oparanews.com.br\/index.php\/wp-json\/wp\/v2\/media\/29251"}],"wp:attachment":[{"href":"https:\/\/www.oparanews.com.br\/index.php\/wp-json\/wp\/v2\/media?parent=29250"}],"wp:term":[{"taxonomy":"category","embeddable":true,"href":"https:\/\/www.oparanews.com.br\/index.php\/wp-json\/wp\/v2\/categories?post=29250"},{"taxonomy":"post_tag","embeddable":true,"href":"https:\/\/www.oparanews.com.br\/index.php\/wp-json\/wp\/v2\/tags?post=29250"}],"curies":[{"name":"wp","href":"https:\/\/api.w.org\/{rel}","templated":true}]}}