{"id":29255,"date":"2023-09-14T22:41:19","date_gmt":"2023-09-15T01:41:19","guid":{"rendered":"https:\/\/www.oparanews.com.br\/?p=29255"},"modified":"2023-09-14T22:41:19","modified_gmt":"2023-09-15T01:41:19","slug":"vereador-bili-marques-destaca-inauguracao-de-duas-sala-lilas-em-penedo-para-atender-mulheres-vitimas-de-violencia","status":"publish","type":"post","link":"https:\/\/www.oparanews.com.br\/index.php\/2023\/09\/14\/vereador-bili-marques-destaca-inauguracao-de-duas-sala-lilas-em-penedo-para-atender-mulheres-vitimas-de-violencia\/","title":{"rendered":"Vereador Bili Marques destaca inaugura\u00e7\u00e3o de duas Sala Lil\u00e1s, em Penedo, para atender mulheres v\u00edtimas de viol\u00eancia"},"content":{"rendered":"<p>O Vereador Bili Marques (Josu\u00e9 Marques da Silva) iniciou seu pronunciamento na sess\u00e3o de 31 de agosto dirigindo-se \u00e0 assist\u00eancia da C\u00e2mara Municipal de Penedo, repleta de estudantes, explicando a fun\u00e7\u00e3o do parlamento.<\/p>\n<p>&nbsp;<\/p>\n<p>Em seguida, destacou a inaugura\u00e7\u00e3o das duas Salas Lil\u00e1s em Penedo, uma no Centro Integrado de Seguran\u00e7a P\u00fablica (CISP) e a outra no Centro de Refer\u00eancia em Assist\u00eancia Social (CREAS), onde as mulheres v\u00edtimas de viol\u00eancia ser\u00e3o atendidas e acompanhadas por equipe multidisciplinar, inclusive advogado, avan\u00e7o na pol\u00edtica p\u00fablica que encerrou a programa\u00e7\u00e3o do Agosto Lil\u00e1s.<\/p>\n<p>&nbsp;<\/p>\n<p>Sobre as interven\u00e7\u00f5es no porto das balsas e das lanchas, o l\u00edder do governo informou que h\u00e1 projeto em curso elaborado pela Prefeitura de Penedo, com acompanhamento do IPHAN para que tudo seja feito em seu devido padr\u00e3o.<\/p>\n<p>&nbsp;<\/p>\n<p>O parlamentar tamb\u00e9m enalteceu a avalia\u00e7\u00e3o do Minist\u00e9rio da Sa\u00fade ao posto de sa\u00fade do Loteamento S\u00e3o Jos\u00e9, anunciando a chegada de novos gabinetes odontol\u00f3gicos para equipar a rede b\u00e1sica de Penedo e o Centro de Especialidades Odontol\u00f3gicas (CEO).<\/p>\n<p>&nbsp;<\/p>\n<p>&nbsp;<\/p>\n<p>&nbsp;<\/p>\n<p>&nbsp;<\/p>\n<p><strong>Fonte: Ascom CMP<\/strong><\/p>\n<p>&nbsp;<\/p>\n","protected":false},"excerpt":{"rendered":"<p>O Vereador Bili Marques (Josu\u00e9 Marques da Silva) iniciou seu pronunciamento na sess\u00e3o de 31 de agosto dirigindo-se \u00e0 assist\u00eancia da C\u00e2mara Municipal de Penedo, repleta de estudantes, explicando a fun\u00e7\u00e3o do parlamento. &nbsp; Em seguida, destacou a inaugura\u00e7\u00e3o das duas Salas Lil\u00e1s em Penedo, uma no Centro Integrado de Seguran\u00e7a P\u00fablica (CISP) e a &hellip;<\/p>\n","protected":false},"author":2,"featured_media":22914,"comment_status":"open","ping_status":"open","sticky":false,"template":"","format":"standard","meta":{"_jetpack_memberships_contains_paid_content":false,"footnotes":""},"categories":[4,3],"tags":[],"class_list":["post-29255","post","type-post","status-publish","format-standard","has-post-thumbnail","hentry","category-alagoas","category-penedo"],"jetpack_featured_media_url":"https:\/\/www.oparanews.com.br\/wp-content\/uploads\/2022\/04\/Bili-Marques-vereador-2019.jpg","jetpack_sharing_enabled":true,"_links":{"self":[{"href":"https:\/\/www.oparanews.com.br\/index.php\/wp-json\/wp\/v2\/posts\/29255","targetHints":{"allow":["GET"]}}],"collection":[{"href":"https:\/\/www.oparanews.com.br\/index.php\/wp-json\/wp\/v2\/posts"}],"about":[{"href":"https:\/\/www.oparanews.com.br\/index.php\/wp-json\/wp\/v2\/types\/post"}],"author":[{"embeddable":true,"href":"https:\/\/www.oparanews.com.br\/index.php\/wp-json\/wp\/v2\/users\/2"}],"replies":[{"embeddable":true,"href":"https:\/\/www.oparanews.com.br\/index.php\/wp-json\/wp\/v2\/comments?post=29255"}],"version-history":[{"count":1,"href":"https:\/\/www.oparanews.com.br\/index.php\/wp-json\/wp\/v2\/posts\/29255\/revisions"}],"predecessor-version":[{"id":29256,"href":"https:\/\/www.oparanews.com.br\/index.php\/wp-json\/wp\/v2\/posts\/29255\/revisions\/29256"}],"wp:featuredmedia":[{"embeddable":true,"href":"https:\/\/www.oparanews.com.br\/index.php\/wp-json\/wp\/v2\/media\/22914"}],"wp:attachment":[{"href":"https:\/\/www.oparanews.com.br\/index.php\/wp-json\/wp\/v2\/media?parent=29255"}],"wp:term":[{"taxonomy":"category","embeddable":true,"href":"https:\/\/www.oparanews.com.br\/index.php\/wp-json\/wp\/v2\/categories?post=29255"},{"taxonomy":"post_tag","embeddable":true,"href":"https:\/\/www.oparanews.com.br\/index.php\/wp-json\/wp\/v2\/tags?post=29255"}],"curies":[{"name":"wp","href":"https:\/\/api.w.org\/{rel}","templated":true}]}}