{"id":29260,"date":"2023-09-14T22:46:24","date_gmt":"2023-09-15T01:46:24","guid":{"rendered":"https:\/\/www.oparanews.com.br\/?p=29260"},"modified":"2023-09-14T22:46:24","modified_gmt":"2023-09-15T01:46:24","slug":"prefeitura-de-penedo-envia-para-a-camara-de-vereadores-pl-que-garante-o-piso-da-enfermagem","status":"publish","type":"post","link":"https:\/\/www.oparanews.com.br\/index.php\/2023\/09\/14\/prefeitura-de-penedo-envia-para-a-camara-de-vereadores-pl-que-garante-o-piso-da-enfermagem\/","title":{"rendered":"Prefeitura de Penedo envia para a C\u00e2mara de Vereadores PL que garante o piso da enfermagem"},"content":{"rendered":"<p>A Prefeitura de Penedo encaminhou para a C\u00e2mara de Vereadores o Projeto de Lei (PL) que efetiva o Piso Nacional da Enfermagem no sal\u00e1rio dos servidores municipais, regulamenta\u00e7\u00e3o protocolada na casa legislativa na tarde desta quinta-feira, 14.<\/p>\n<p>&nbsp;<\/p>\n<p>No texto do Projeto de Lei que ser\u00e1 analisado pelos vereadores, est\u00e3o contemplados enfermeiros, t\u00e9cnicos de enfermagem, auxiliares de enfermagem e parteiras. Em caso de aprova\u00e7\u00e3o na C\u00e2mara, o PL retorna para a san\u00e7\u00e3o do Prefeito Ronaldo Lopes, de modo a viabilizar o pagamento do piso at\u00e9 a data estabelecida pelo Minist\u00e9rio da Sa\u00fade.<\/p>\n<p>&nbsp;<\/p>\n<p>\u201cT\u00e3o longo volte para mim, estarei sancionando e imediatamente implementado o pagamento. Quero parabenizar todos os profissionais que fazem um trabalho bel\u00edssimo em nosso munic\u00edpio e que agora ser\u00e3o beneficiados com a emenda 127. Quero dizer tamb\u00e9m que todos os direitos da categoria ser\u00e3o preservados e garantidos\u201d, afirma Ronaldo Lopes.<\/p>\n<p>&nbsp;<\/p>\n<p>O novo piso salarial deve entrar na folha de pagamento de setembro, com retroativo pago em nove parcelas, ainda este ano. Neste primeiro repasse ser\u00e3o feitos os pagamentos de quatro parcelas, referentes aos meses de maio a agosto. As outras cinco parcelas deste ano, incluindo o 13\u00ba, ser\u00e3o pagas at\u00e9 dezembro.<\/p>\n<p>&nbsp;<\/p>\n<p>O repasse foi feito conforme o c\u00e1lculo do Governo Federal, que determinou o quanto a Prefeitura de Penedo deveria destinar, individualmente, a cada profissional. Piso \u00e9 a soma do que era o sal\u00e1rio base e os valores fixos para a categoria, contando com os anu\u00eanios, que \u00e9 um valor adicional pago a cada ano de servi\u00e7o.<\/p>\n<p>&nbsp;<\/p>\n<p>\u201cEu e a minha equipe trabalhamos arduamente para ter todo o conhecimento que o Minist\u00e9rio da Sa\u00fade estava repassando para garantir que nenhum profissional sa\u00edsse prejudicado. Tudo foi feito com muita cautela e responsabilidade para garantir que esses profissionais tenham o piso de enfermagem. Sabemos da import\u00e2ncia da categoria na assist\u00eancia \u00e0 popula\u00e7\u00e3o e nada mais justo que esses profissionais tenham o piso garantido por lei e o munic\u00edpio de Penedo est\u00e1 fazendo isso\u201d, ressalta a Secret\u00e1ria Municipal de Sa\u00fade, Waninna Mendon\u00e7a.<\/p>\n<p>&nbsp;<\/p>\n<p>&nbsp;<\/p>\n<p>&nbsp;<\/p>\n<p><strong>Fonte: Secom PMP<\/strong><\/p>\n<p>&nbsp;<\/p>\n","protected":false},"excerpt":{"rendered":"<p>A Prefeitura de Penedo encaminhou para a C\u00e2mara de Vereadores o Projeto de Lei (PL) que efetiva o Piso Nacional da Enfermagem no sal\u00e1rio dos servidores municipais, regulamenta\u00e7\u00e3o protocolada na casa legislativa na tarde desta quinta-feira, 14. &nbsp; No texto do Projeto de Lei que ser\u00e1 analisado pelos vereadores, est\u00e3o contemplados enfermeiros, t\u00e9cnicos de enfermagem, &hellip;<\/p>\n","protected":false},"author":2,"featured_media":29261,"comment_status":"open","ping_status":"open","sticky":false,"template":"","format":"standard","meta":{"_jetpack_memberships_contains_paid_content":false,"footnotes":""},"categories":[1,3],"tags":[],"class_list":["post-29260","post","type-post","status-publish","format-standard","has-post-thumbnail","hentry","category-destaque","category-penedo"],"jetpack_featured_media_url":"https:\/\/www.oparanews.com.br\/wp-content\/uploads\/2023\/09\/enfermero.jpg","jetpack_sharing_enabled":true,"_links":{"self":[{"href":"https:\/\/www.oparanews.com.br\/index.php\/wp-json\/wp\/v2\/posts\/29260","targetHints":{"allow":["GET"]}}],"collection":[{"href":"https:\/\/www.oparanews.com.br\/index.php\/wp-json\/wp\/v2\/posts"}],"about":[{"href":"https:\/\/www.oparanews.com.br\/index.php\/wp-json\/wp\/v2\/types\/post"}],"author":[{"embeddable":true,"href":"https:\/\/www.oparanews.com.br\/index.php\/wp-json\/wp\/v2\/users\/2"}],"replies":[{"embeddable":true,"href":"https:\/\/www.oparanews.com.br\/index.php\/wp-json\/wp\/v2\/comments?post=29260"}],"version-history":[{"count":1,"href":"https:\/\/www.oparanews.com.br\/index.php\/wp-json\/wp\/v2\/posts\/29260\/revisions"}],"predecessor-version":[{"id":29262,"href":"https:\/\/www.oparanews.com.br\/index.php\/wp-json\/wp\/v2\/posts\/29260\/revisions\/29262"}],"wp:featuredmedia":[{"embeddable":true,"href":"https:\/\/www.oparanews.com.br\/index.php\/wp-json\/wp\/v2\/media\/29261"}],"wp:attachment":[{"href":"https:\/\/www.oparanews.com.br\/index.php\/wp-json\/wp\/v2\/media?parent=29260"}],"wp:term":[{"taxonomy":"category","embeddable":true,"href":"https:\/\/www.oparanews.com.br\/index.php\/wp-json\/wp\/v2\/categories?post=29260"},{"taxonomy":"post_tag","embeddable":true,"href":"https:\/\/www.oparanews.com.br\/index.php\/wp-json\/wp\/v2\/tags?post=29260"}],"curies":[{"name":"wp","href":"https:\/\/api.w.org\/{rel}","templated":true}]}}