{"id":29266,"date":"2023-09-15T00:28:45","date_gmt":"2023-09-15T03:28:45","guid":{"rendered":"https:\/\/www.oparanews.com.br\/?p=29266"},"modified":"2023-09-15T00:28:45","modified_gmt":"2023-09-15T03:28:45","slug":"camara-aprova-compensacao-aos-estados-por-perdas-com-icms","status":"publish","type":"post","link":"https:\/\/www.oparanews.com.br\/index.php\/2023\/09\/15\/camara-aprova-compensacao-aos-estados-por-perdas-com-icms\/","title":{"rendered":"C\u00e2mara aprova compensa\u00e7\u00e3o aos estados por perdas com ICMS"},"content":{"rendered":"<p>A C\u00e2mara dos Deputados aprovou nesta quinta-feira (14) o projeto de lei complementar que viabiliza a compensa\u00e7\u00e3o de R$ 27 bilh\u00f5es da Uni\u00e3o para estados e Distrito Federal em raz\u00e3o da redu\u00e7\u00e3o do ICMS incidente sobre combust\u00edveis, vigente de junho a dezembro de 2022. A proposta ser\u00e1 enviada ao Senado.<\/p>\n<p>&nbsp;<\/p>\n<p>Aprovado na forma de um substitutivo do relator, deputado Zeca Dirceu (PT-PR), para o Projeto de Lei Complementar (PLP) 136\/23, o texto prev\u00ea ainda transfer\u00eancias ao Fundo de Participa\u00e7\u00e3o dos Munic\u00edpios (FPM) e ao Fundo de Participa\u00e7\u00e3o dos Estados (FPE) para recuperar perdas de 2023 em rela\u00e7\u00e3o a 2022.<\/p>\n<p>&nbsp;<\/p>\n<p>O projeto, enviado pelo Poder Executivo, \u00e9 resultado de um acordo entre a Uni\u00e3o e os estados ap\u00f3s v\u00e1rios deles obterem liminares no Supremo Tribunal Federal (STF) determinando o pagamento de compensa\u00e7\u00f5es maiores que as previstas na Lei Complementar 194\/22.<\/p>\n<p>&nbsp;<\/p>\n<p>Essa lei considerou os combust\u00edveis, o g\u00e1s natural, a energia el\u00e9trica, as comunica\u00e7\u00f5es e o transporte coletivo como bens e servi\u00e7os essenciais, proibindo a aplica\u00e7\u00e3o de al\u00edquotas superiores \u00e0 al\u00edquota padr\u00e3o do ICMS (17% ou 18%). Esse acordo se refere somente \u00e0s perdas do ICMS na venda de combust\u00edveis.<\/p>\n<p>&nbsp;<\/p>\n<p>Para o relator, os repasses procuram resolver um impasse quanto \u00e0s perdas de estados e munic\u00edpios. \u201cFizeram festa com chap\u00e9u alheio\u201d, disse Zeca Dirceu, ressaltando que a manuten\u00e7\u00e3o dos patamares do FPM e do FPE de 2022 ajudar\u00e1 os entes federados a fechar suas contas.<\/p>\n<p>&nbsp;<\/p>\n<p>&nbsp;<\/p>\n<p>&nbsp;<\/p>\n<p><strong>Fonte: Ag\u00eancia C\u00e2mara<\/strong><\/p>\n<p>&nbsp;<\/p>\n","protected":false},"excerpt":{"rendered":"<p>A C\u00e2mara dos Deputados aprovou nesta quinta-feira (14) o projeto de lei complementar que viabiliza a compensa\u00e7\u00e3o de R$ 27 bilh\u00f5es da Uni\u00e3o para estados e Distrito Federal em raz\u00e3o da redu\u00e7\u00e3o do ICMS incidente sobre combust\u00edveis, vigente de junho a dezembro de 2022. A proposta ser\u00e1 enviada ao Senado. &nbsp; Aprovado na forma de &hellip;<\/p>\n","protected":false},"author":2,"featured_media":29267,"comment_status":"open","ping_status":"open","sticky":false,"template":"","format":"standard","meta":{"_jetpack_memberships_contains_paid_content":false,"footnotes":""},"categories":[5],"tags":[],"class_list":["post-29266","post","type-post","status-publish","format-standard","has-post-thumbnail","hentry","category-brasil-mundo"],"jetpack_featured_media_url":"https:\/\/www.oparanews.com.br\/wp-content\/uploads\/2023\/09\/suhsu_R0Exj1q.jpg","jetpack_sharing_enabled":true,"_links":{"self":[{"href":"https:\/\/www.oparanews.com.br\/index.php\/wp-json\/wp\/v2\/posts\/29266","targetHints":{"allow":["GET"]}}],"collection":[{"href":"https:\/\/www.oparanews.com.br\/index.php\/wp-json\/wp\/v2\/posts"}],"about":[{"href":"https:\/\/www.oparanews.com.br\/index.php\/wp-json\/wp\/v2\/types\/post"}],"author":[{"embeddable":true,"href":"https:\/\/www.oparanews.com.br\/index.php\/wp-json\/wp\/v2\/users\/2"}],"replies":[{"embeddable":true,"href":"https:\/\/www.oparanews.com.br\/index.php\/wp-json\/wp\/v2\/comments?post=29266"}],"version-history":[{"count":1,"href":"https:\/\/www.oparanews.com.br\/index.php\/wp-json\/wp\/v2\/posts\/29266\/revisions"}],"predecessor-version":[{"id":29268,"href":"https:\/\/www.oparanews.com.br\/index.php\/wp-json\/wp\/v2\/posts\/29266\/revisions\/29268"}],"wp:featuredmedia":[{"embeddable":true,"href":"https:\/\/www.oparanews.com.br\/index.php\/wp-json\/wp\/v2\/media\/29267"}],"wp:attachment":[{"href":"https:\/\/www.oparanews.com.br\/index.php\/wp-json\/wp\/v2\/media?parent=29266"}],"wp:term":[{"taxonomy":"category","embeddable":true,"href":"https:\/\/www.oparanews.com.br\/index.php\/wp-json\/wp\/v2\/categories?post=29266"},{"taxonomy":"post_tag","embeddable":true,"href":"https:\/\/www.oparanews.com.br\/index.php\/wp-json\/wp\/v2\/tags?post=29266"}],"curies":[{"name":"wp","href":"https:\/\/api.w.org\/{rel}","templated":true}]}}