{"id":29273,"date":"2023-09-16T10:42:51","date_gmt":"2023-09-16T13:42:51","guid":{"rendered":"https:\/\/www.oparanews.com.br\/?p=29273"},"modified":"2023-09-16T10:44:02","modified_gmt":"2023-09-16T13:44:02","slug":"29273","status":"publish","type":"post","link":"https:\/\/www.oparanews.com.br\/index.php\/2023\/09\/16\/29273\/","title":{"rendered":"Diego Ribas e Lucy Alves s\u00e3o presen\u00e7as garantidas no Trakto Show Penedo; confira a programa\u00e7\u00e3o completa"},"content":{"rendered":"<p>O Trakto Show Penedo teve sua programa\u00e7\u00e3o divulgada com palestrantes e atra\u00e7\u00f5es nacionais e regionais que v\u00e3o fomentar a economia criativa, incentivar o empreendedorismo e a cria\u00e7\u00e3o de novos neg\u00f3cios numa das cidades mais voltadas para a inova\u00e7\u00e3o em Alagoas.<\/p>\n<p>&nbsp;<\/p>\n<p>Palestrantes de peso como o comentarista e ex-jogador de futebol Diego Ribas e a cantora e atriz Lucy Alves v\u00e3o dar o tom da segunda edi\u00e7\u00e3o desse evento que j\u00e1 provou ser uma refer\u00eancia no seu segmento.<\/p>\n<p>&nbsp;<\/p>\n<p>A segunda edi\u00e7\u00e3o do evento contar\u00e1 com uma novidade: o Palco Velho Chico, que ser\u00e1 montado em frente \u00e0 Pra\u00e7a 12 de Abril, perto do Rio S\u00e3o Francisco, proporcionando uma experi\u00eancia \u00fanica para os participantes. No Centro de Conven\u00e7\u00f5es e Eventos, o antigo Cine S\u00e3o Francisco, a organiza\u00e7\u00e3o do evento realizado em parceria com a Prefeitura de Penedo e o Governo de Alagoas mant\u00e9m a Arena Trakto.<\/p>\n<p><a href=\"http:\/\/www.oparanews.com.br\/wp-content\/uploads\/2023\/09\/trakto-show-penedo-foto-deywisson-duarte-28.jpeg\"><img loading=\"lazy\" decoding=\"async\" class=\"aligncenter size-full wp-image-29276\" src=\"http:\/\/www.oparanews.com.br\/wp-content\/uploads\/2023\/09\/trakto-show-penedo-foto-deywisson-duarte-28.jpeg\" alt=\"\" width=\"1280\" height=\"853\" srcset=\"https:\/\/www.oparanews.com.br\/wp-content\/uploads\/2023\/09\/trakto-show-penedo-foto-deywisson-duarte-28.jpeg 1280w, https:\/\/www.oparanews.com.br\/wp-content\/uploads\/2023\/09\/trakto-show-penedo-foto-deywisson-duarte-28-300x200.jpeg 300w, https:\/\/www.oparanews.com.br\/wp-content\/uploads\/2023\/09\/trakto-show-penedo-foto-deywisson-duarte-28-1024x682.jpeg 1024w, https:\/\/www.oparanews.com.br\/wp-content\/uploads\/2023\/09\/trakto-show-penedo-foto-deywisson-duarte-28-768x512.jpeg 768w\" sizes=\"auto, (max-width: 1280px) 100vw, 1280px\" \/><\/a><\/p>\n<p>De posse da programa\u00e7\u00e3o, o p\u00fablico poder\u00e1 escolher as palestras mais interessantes para o seu neg\u00f3cio e, tamb\u00e9m, para o seu crescimento pessoal. A inscri\u00e7\u00e3o \u00e9 gratuita e pode ser feita clicando aqui.<\/p>\n<p>&nbsp;<\/p>\n<p>Outra novidade \u00e9 uma audi\u00e7\u00e3o proporcionada por Pezinho, m\u00fasico, compositor e produtor de nomes do samba como Mumunzinho, Thiaguinho e Exaltasamba, e um dos palestrantes do evento.<\/p>\n<p>&nbsp;<\/p>\n<p>Talentos musicais v\u00e3o ter a oportunidade de se apresentar com participa\u00e7\u00e3o da banda Tamboricas e o vencedor ter\u00e1 a oportunidade de gravar a sua m\u00fasica com Pezinho, no est\u00fadio dele, em S\u00e3o Paulo.<\/p>\n<p>&nbsp;<\/p>\n<p>Para participar \u00e9 necess\u00e1rio se inscrever no perfil do Trakto Show Penedo no Instagram @traktoshowpenedo, onde haver\u00e1 um formul\u00e1rio, no Link da Bio, para inscri\u00e7\u00e3o.<\/p>\n<p>&nbsp;<\/p>\n<p>Entre as presen\u00e7as confirmadas est\u00e1 a do influenciador digital alagoano, Gabriel Dantas, o MrPoladoful, e de Andr\u00e9 Patroc\u00ednio, CEO da Etus, a maior plataforma de automa\u00e7\u00e3o de marketing digital do Brasil.<\/p>\n<p><a href=\"http:\/\/www.oparanews.com.br\/wp-content\/uploads\/2023\/09\/trakto-show-penedo-foto-deywisson-duarte-10.jpeg\"><img loading=\"lazy\" decoding=\"async\" class=\"aligncenter size-full wp-image-29275\" src=\"http:\/\/www.oparanews.com.br\/wp-content\/uploads\/2023\/09\/trakto-show-penedo-foto-deywisson-duarte-10.jpeg\" alt=\"\" width=\"1280\" height=\"853\" srcset=\"https:\/\/www.oparanews.com.br\/wp-content\/uploads\/2023\/09\/trakto-show-penedo-foto-deywisson-duarte-10.jpeg 1280w, https:\/\/www.oparanews.com.br\/wp-content\/uploads\/2023\/09\/trakto-show-penedo-foto-deywisson-duarte-10-300x200.jpeg 300w, https:\/\/www.oparanews.com.br\/wp-content\/uploads\/2023\/09\/trakto-show-penedo-foto-deywisson-duarte-10-1024x682.jpeg 1024w, https:\/\/www.oparanews.com.br\/wp-content\/uploads\/2023\/09\/trakto-show-penedo-foto-deywisson-duarte-10-768x512.jpeg 768w\" sizes=\"auto, (max-width: 1280px) 100vw, 1280px\" \/><\/a><\/p>\n<p>O evento tamb\u00e9m contar\u00e1 com Tony Ventura, especialista em tecnologia e inova\u00e7\u00e3o; Alysson Costa na \u00e1rea de vendas e cria\u00e7\u00e3o de produtos; e Leandro Branquinho, outro especialista em vendas que far\u00e1 uma palestra sobre empreendedorismo. Entre os especialistas em marketing digital est\u00e3o Rapha Falc\u00e3o, com o seu \u201cMarketing 360\u201d; o contador Fabiano Azevedo, que ressignificou a contabilidade com a palestra \u201cChaves da Virada\u201d; e Rodolfo Bonif\u00e1cio, que falar\u00e1 sobre o futuro do trabalho e as principais habilidades para os profissionais do futuro.<\/p>\n<p>&nbsp;<\/p>\n<p>\u201c\u00c9 um evento totalmente gratuito criado para levar inova\u00e7\u00e3o, empreendedorismo, marketing digital e promover um olhar diferente para a cria\u00e7\u00e3o de novos neg\u00f3cios. O tema do Trakto Show Penedo desse ano \u00e9 Cidade inteligente \u00e9 cidade que cria e vamos mostrar todo potencial dessa cidade em parceria com a Prefeitura e a Secretaria de Tecnologia de Alagoas \u2013 SECTI. Uma coisa \u00e9 certa: todo mundo que participa do Trakto Show sai transformado. Essa processo interno de mudan\u00e7a \u00e9 refletido diretamente no neg\u00f3cio, impulsionando vendas e proporcionando uma verdadeira revolu\u00e7\u00e3o na forma como o empreendedor enxerga a pr\u00f3pria empresa ajudando na tomada de decis\u00f5es estrat\u00e9gicas. Est\u00e1 incr\u00edvel! Estamos esperando a participa\u00e7\u00e3o de todos\u201d, destacou Ten\u00f3rio.<\/p>\n<p>&nbsp;<\/p>\n<p>Abaixo segue a programa\u00e7\u00e3o completa com os nomes dos palestrantes locais inscritos e selecionados para o evento. Com op\u00e7\u00e3o para todos os gostos, o Trakto Show Penedo acontece nos pr\u00f3ximos dias 23 e 24 de setembro com inscri\u00e7\u00f5es gr\u00e1tis e limitadas.<\/p>\n<p>&nbsp;<\/p>\n<p><strong>PROGRAMA\u00c7\u00c3O<\/strong><\/p>\n<p>&nbsp;<\/p>\n<p>23 DE SETEMBRO<br \/>\nARENA TRAKTO<\/p>\n<p>&nbsp;<\/p>\n<p>14:00 \u2013 Abertura e Credenciamento;<br \/>\n14h20 \u2013 Tony Ventura \u2013 \u201cNovas Tecnologias e ferramentas\u201d;<br \/>\n15h10 \u2013 Ericsson Henrique \u2013 \u201cDo Vergel para o Mundo: O Jeito Connect de Fazer Neg\u00f3cios\u201d;<br \/>\n15h40 \u2013 Rosane dos Santos Cordeiro \u2013 \u201cRealiza\u00e7\u00e3o profissional te transforma;<br \/>\n15h50 \u2013 Evellyn Barros \u2013 \u201cTransformando Paix\u00e3o em Profiss\u00e3o: como constru\u00ed uma Carreira de Sucesso aos 21 anos;<br \/>\n16h40 \u2013 Allysson Costa \u2013 \u201cAtitudenow \u2013 A dire\u00e7\u00e3o do sucesso\u201d;<br \/>\n17h30 \u2013 Ramom Ribeiro (Sargento Fit) \u2013 \u201cDa depress\u00e3o aos sonhos: como se reinventar e ser feliz?\u201d;<br \/>\n18h \u2013 Momento Trakto Educa\u00e7\u00e3o \u2013 \u201cProfessor Marcondes\u201d;<br \/>\n18h15 \u2013 Momento Prefeitura de Penedo;<br \/>\n18h30 \u2013 Alexandre Malta, Jakeline Alencar, Fl\u00e1vio Cruz e Tatiana Nascimento \u2013 Empreendendo em Penedo;<br \/>\n19h00 \u2013 Rapha Falc\u00e3o \u2013 \u201cMarketing 360\u201d;<br \/>\n19h50 \u2013 James Dantas \u2013 \u201cMais que mil palavras: o poder da fotografia em indiv\u00edduos e neg\u00f3cios\u201d;<br \/>\n20h20 \u2013 Diego Ribas \u2013 \u201cEu, Diego\u201d.<\/p>\n<p>&nbsp;<\/p>\n<p><strong>Palco Velho Chico<\/strong><\/p>\n<p>&nbsp;<\/p>\n<p>16h30 \u2013 Tamboricas \u2013 Show de Abertura;<br \/>\n17h30 \u2013 Rodolfo Bonif\u00e1cio \u2013 \u201cO futuro do trabalho \u2013 Principais habilidades para profissionais do futuro\u201d;<br \/>\n18h10 \u2013 Uliana Ferreira \u2013 \u201cA Dona do Neg\u00f3cio \u2013 De empreendedora a empres\u00e1ria\u201d;<br \/>\n18h40 \u2013 Painel de Esportes: Rodrigo Pi\u00f1eiro, Jadson Bezerra e Gildo Santos \u2013 \u201cCompartilhando Experi\u00eancias\u201d;<br \/>\n19h10 \u2013 Jaime Silva Neto \u2013 \u201cO especialista em eliminar medos\u201d;<br \/>\n19h25 \u2013 F\u00e1bio Atual \u2013 \u201cLives que vendem\u201d;<br \/>\n19h55 \u2013 Momento Sebrae;<\/p>\n<p>&nbsp;<\/p>\n<p><strong>Painel Beleza Empreendedora:<\/strong><\/p>\n<p>&nbsp;<\/p>\n<p>20h10 \u2013 Kamylla Serra, Darly Serra e Edineia Silva \u2013 \u201cCompartilhando Experi\u00eancias\u201d;<\/p>\n<p>20h40 \u2013 Malba Martins \u2013 Comunica\u00e7\u00e3o e Arqu\u00e9tipos;<br \/>\n21h10 \u2013 Momento Trakto Educa\u00e7\u00e3o;<br \/>\n21h20 \u2013 Momento Prefeitura de Penedo;<br \/>\n21h30 \u2013 Audi\u00e7\u00e3o Pezinho (Participa\u00e7\u00e3o Tamboricas);<\/p>\n<p>&nbsp;<\/p>\n<p>24 DE SETEMBRO<br \/>\nARENA TRAKTO<\/p>\n<p>&nbsp;<\/p>\n<p>14h \u2013 Abertura<br \/>\n14h20 \u2013 Lucy Alves \u2013 \u201cTalk Show\u201d;<br \/>\n14h50 \u2013 Paulo Ten\u00f3rio;<br \/>\n15h10 \u2013 Fernando Per\u00f3n \u2013 \u201cEmpreendendo com criatividade e inova\u00e7\u00e3o\u201d;<br \/>\n15h40 \u2013 Fabiano Azevedo \u2013 \u201cAs chaves da virada\u201d;<\/p>\n<p>&nbsp;<\/p>\n<p>Painel Educa\u00e7\u00e3o empreendedora e seu potencial para transformar vidas<\/p>\n<p>16h30 \u2013 Gl\u00edcia Andrade, Alessandra Damasceno e Janecl\u00e9ia Neves \u2013 \u201cCompartilhando Experi\u00eancias\u201d;<\/p>\n<p>17h \u2013 Andr\u00e9 Patroc\u00ednio \u2013 \u201cO jogo das redes sociais \u2013 N\u00e3o espere o Game Over\u201d;<br \/>\n17h50 \u2013 Givanete Telis \u2013 \u201cComo se destacar no seu neg\u00f3cio\u201d;<br \/>\n18h \u2013 Leandro Branquinho \u2013 \u201cComo vender mais e melhor\u201d;<br \/>\n18h50 \u2013 Dr. Sergio Francisco Junior \u2013 \u201cComo produzir conte\u00fados que conectam e impactam no instagram?\u201d;<br \/>\n19h40 \u2013 Lenisom dos Santos \u2013 \u201cConte sua hist\u00f3ria\u201d;<br \/>\n19h50 \u2013 Momento Trakto Educa\u00e7\u00e3o \u2013 \u201cPremia\u00e7\u00f5es Edu: boas ideias n\u00e3o t\u00eam idade\u201d;<br \/>\n20h05 \u2013 Momento Prefeitura de Penedo;<br \/>\n20h20 \u2013 Pezinho \u2013 \u201cComo superar os seus limites, criando e aproveitando as oportunidades\u201d.<\/p>\n<p>&nbsp;<\/p>\n<p><strong>PALCO VELHO CHICO<\/strong><\/p>\n<p>&nbsp;<\/p>\n<p>15h00 \u2013 Abertura<br \/>\n16h00 \u2013 Poderosa: \u201cPerformance e pitch sobre a cria\u00e7\u00e3o de um personagem\u201d;<br \/>\n16h20 \u2013 Gabriel Dantas MrPoladoful \u2013 \u201cCria\u00e7\u00e3o de v\u00eddeos curtos para a internet\u201d;<\/p>\n<p>&nbsp;<\/p>\n<p><strong>Painel de Finan\u00e7as<\/strong><\/p>\n<p>&nbsp;<\/p>\n<p>16h50 -Emmanuel Queiroz, Adricia Gusm\u00e3o e Yasmin Souza da Silva \u2013 \u201cCompartilhando Experi\u00eancias\u201d;<\/p>\n<p>17h20 \u2013 Thomas Burger \u2013 \u201cCase Thomas Burger\u201d;<br \/>\n17h35 \u2013 Pitch \u2013 Projetos de Extens\u00e3o com foco na sustentabilidade;<br \/>\n17h45 \u2013 Painel Jovens Empreendedores; Vandebilto Sarmento, Ana Beatriz Santos e Caio de Oliveira Lyra;<br \/>\n18h15 \u2013 Irys Vasconcelos \u2013 Projete sua imagem com prop\u00f3sito e para o sucesso;<br \/>\n18h55 \u2013Felipe Naumann \u2013 \u201cDecifrando o consumidor: estrat\u00e9gias de neuromarketing para empreendedores de sucesso\u201d;<br \/>\n19h25 \u2013 Fernando Diogo Cruz e Marileide dos Santos \u2013 Painel Turismo Empreendedor<br \/>\nFernando Diogo Cruz e Marileide dos Santos \u2013 \u201cCompartilhando Experi\u00eancias\u201d;<br \/>\n19h55 \u2013 Momento Trakto Educa\u00e7\u00e3o;<br \/>\n20h10 \u2013 Momento Prefeitura de Penedo;<br \/>\n20h25 \u2013 Show de Encerramento \u2013 \u201cWado\u201d<\/p>\n<p>&nbsp;<\/p>\n<p><strong>Sobre a Trakto<\/strong><\/p>\n<p>&nbsp;<\/p>\n<p>A Trakto Design \u00e9 uma ferramenta global de design escal\u00e1vel com intelig\u00eancia artificial para empresas. A startup alagoana foi fundada em Macei\u00f3 (AL) h\u00e1 10 anos. A startup oferece aos empreendedores digitais v\u00e1rias ferramentas para seus neg\u00f3cios, como apresenta\u00e7\u00f5es, propostas comerciais, contratos, e-books, posts para redes sociais, entre outros servi\u00e7os. Em 2021, a Trakto captou cerca de R$ 7 milh\u00f5es com a Black Founders Fund, do Google, a E3 Neg\u00f3cios e a Capt All. Al\u00e9m disso, foi selecionada pelo Google for Startups para participar da edi\u00e7\u00e3o 2022 do Black Founders Fund e tamb\u00e9m pela Endeavor para fazer parte do seu programa de acelera\u00e7\u00e3o Scale-up 2022.1. No mesmo ano, realizou a quinta edi\u00e7\u00e3o do Trakto Show, considerado o maior evento combinado de tecnologia, inova\u00e7\u00e3o e empreendedorismo do Nordeste brasileiro. Em 2023, a empresa lan\u00e7ou a Trakto Educa\u00e7\u00e3o, uma plataforma de solu\u00e7\u00f5es para promover a digitaliza\u00e7\u00e3o do ensino p\u00fablico, a inclus\u00e3o tecnol\u00f3gica de comunidades escolares inteiras e, assim, contribuir para aprimorar os indicadores de qualidade da educa\u00e7\u00e3o.<\/p>\n<p>&nbsp;<\/p>\n<p>Informa\u00e7\u00f5es para a imprensa:<\/p>\n<p>DGPR<\/p>\n<p>Danielle Santoro \u2013 Diretora de atendimento | DG Public Relations \u2013 (82) 99127-0304<br \/>\nMarcio Chagas \u2013 Analista de atendimento I DG Public Relations \u2013 (82) 99922-9591<\/p>\n<p>&nbsp;<\/p>\n<p>&nbsp;<\/p>\n<p>&nbsp;<\/p>\n<p><strong>Fonte: Secom PMP<\/strong><\/p>\n<p>&nbsp;<\/p>\n","protected":false},"excerpt":{"rendered":"<p>O Trakto Show Penedo teve sua programa\u00e7\u00e3o divulgada com palestrantes e atra\u00e7\u00f5es nacionais e regionais que v\u00e3o fomentar a economia criativa, incentivar o empreendedorismo e a cria\u00e7\u00e3o de novos neg\u00f3cios numa das cidades mais voltadas para a inova\u00e7\u00e3o em Alagoas. &nbsp; Palestrantes de peso como o comentarista e ex-jogador de futebol Diego Ribas e a &hellip;<\/p>\n","protected":false},"author":2,"featured_media":29274,"comment_status":"open","ping_status":"open","sticky":false,"template":"","format":"standard","meta":{"_jetpack_memberships_contains_paid_content":false,"footnotes":""},"categories":[1,3],"tags":[],"class_list":["post-29273","post","type-post","status-publish","format-standard","has-post-thumbnail","hentry","category-destaque","category-penedo"],"jetpack_featured_media_url":"https:\/\/www.oparanews.com.br\/wp-content\/uploads\/2023\/09\/totem-trakto-show-penedo-2023.jpeg","jetpack_sharing_enabled":true,"_links":{"self":[{"href":"https:\/\/www.oparanews.com.br\/index.php\/wp-json\/wp\/v2\/posts\/29273","targetHints":{"allow":["GET"]}}],"collection":[{"href":"https:\/\/www.oparanews.com.br\/index.php\/wp-json\/wp\/v2\/posts"}],"about":[{"href":"https:\/\/www.oparanews.com.br\/index.php\/wp-json\/wp\/v2\/types\/post"}],"author":[{"embeddable":true,"href":"https:\/\/www.oparanews.com.br\/index.php\/wp-json\/wp\/v2\/users\/2"}],"replies":[{"embeddable":true,"href":"https:\/\/www.oparanews.com.br\/index.php\/wp-json\/wp\/v2\/comments?post=29273"}],"version-history":[{"count":2,"href":"https:\/\/www.oparanews.com.br\/index.php\/wp-json\/wp\/v2\/posts\/29273\/revisions"}],"predecessor-version":[{"id":29279,"href":"https:\/\/www.oparanews.com.br\/index.php\/wp-json\/wp\/v2\/posts\/29273\/revisions\/29279"}],"wp:featuredmedia":[{"embeddable":true,"href":"https:\/\/www.oparanews.com.br\/index.php\/wp-json\/wp\/v2\/media\/29274"}],"wp:attachment":[{"href":"https:\/\/www.oparanews.com.br\/index.php\/wp-json\/wp\/v2\/media?parent=29273"}],"wp:term":[{"taxonomy":"category","embeddable":true,"href":"https:\/\/www.oparanews.com.br\/index.php\/wp-json\/wp\/v2\/categories?post=29273"},{"taxonomy":"post_tag","embeddable":true,"href":"https:\/\/www.oparanews.com.br\/index.php\/wp-json\/wp\/v2\/tags?post=29273"}],"curies":[{"name":"wp","href":"https:\/\/api.w.org\/{rel}","templated":true}]}}