{"id":29310,"date":"2023-09-19T22:20:02","date_gmt":"2023-09-20T01:20:02","guid":{"rendered":"https:\/\/www.oparanews.com.br\/?p=29310"},"modified":"2023-09-19T22:20:02","modified_gmt":"2023-09-20T01:20:02","slug":"festival-de-musica-de-penedo-2023-abre-inscricao-para-oficinas-e-workshpos","status":"publish","type":"post","link":"https:\/\/www.oparanews.com.br\/index.php\/2023\/09\/19\/festival-de-musica-de-penedo-2023-abre-inscricao-para-oficinas-e-workshpos\/","title":{"rendered":"Festival de M\u00fasica de Penedo 2023 abre inscri\u00e7\u00e3o para oficinas e workshpos"},"content":{"rendered":"<p>Quem estava ansioso, aguardando o an\u00fancio das oficinas promovidas pelo Festival de M\u00fasica de Penedo (Femupe), j\u00e1 pode relaxar porque as inscri\u00e7\u00f5es est\u00e3o abertas e v\u00e3o at\u00e9 15 de outubro.<\/p>\n<p>&nbsp;<\/p>\n<p>S\u00e3o ofertadas 1.280 vagas em 33 atividades com v\u00e1rios instrumentos musicais e workshops sonoros. Para se inscrever gratuitamente, basta <a href=\"https:\/\/www.femupe.com\/inscricoesoficinasbr\"><strong>clicar aqui<\/strong><\/a>.<\/p>\n<p>&nbsp;<\/p>\n<p>O Femupe acontece em Penedo, de 17 a 21 de outubro, com oficinas ser\u00e3o realizadas nos dias 19 e 20. Segundo Marcos Moreira, coordenador-geral do Festival, esta edi\u00e7\u00e3o 2023 ser\u00e1 mais um grande desafio para a Universidade Federal de Alagoas (Ufal).<\/p>\n<p>&nbsp;<\/p>\n<p>As atividades das oficinas v\u00e3o acontecer pela manh\u00e3, das 9h \u00e0s 12h, e \u00e0 tarde, das 13h30 \u00e0s 16h30, e s\u00e3o abertas a qualquer pessoa interessada, com idade a partir dos 10 anos. \u00c9 importante ressaltar que as pessoas inscritas nas oficinas devem levar seu instrumento e sua estante.<\/p>\n<p>&nbsp;<\/p>\n<p>\u201cEstamos trabalhando com a Prefeitura de Penedo e o Governo de Alagoas, nossos parceiros e correalizadores, para oferecermos cinco dias de muitas atividades acad\u00eamica-cient\u00edficas, art\u00edsticas e culturais para penedenses, alagoanos e turistas que estejam visitando a cidade\u201d, anunciou.<\/p>\n<p>&nbsp;<\/p>\n<p>Al\u00e9m das oficinas de instrumentos musicais, tamb\u00e9m haver\u00e1 workshops sonoros. O interessado deve se inscrever em uma \u00fanica atividade, e, caso desista da primeira inscri\u00e7\u00e3o, pode fazer todo processo novamente e escolher outra op\u00e7\u00e3o.<\/p>\n<p>&nbsp;<\/p>\n<p>\u201cSe voc\u00ea escolher a oficina de saxofone, por exemplo, e depois quiser uma outra, pode se inscrever novamente indicando a nova atividade. O sistema s\u00f3 vai considerar a \u00faltima inscri\u00e7\u00e3o feita\u201d, explicou Luan Veiga, coordenador do site do Femupe.<\/p>\n<p><a href=\"http:\/\/www.oparanews.com.br\/wp-content\/uploads\/2023\/09\/festival-musica-penedo.jpg\"><img loading=\"lazy\" decoding=\"async\" class=\"aligncenter size-full wp-image-29311\" src=\"http:\/\/www.oparanews.com.br\/wp-content\/uploads\/2023\/09\/festival-musica-penedo.jpg\" alt=\"\" width=\"1280\" height=\"853\" srcset=\"https:\/\/www.oparanews.com.br\/wp-content\/uploads\/2023\/09\/festival-musica-penedo.jpg 1280w, https:\/\/www.oparanews.com.br\/wp-content\/uploads\/2023\/09\/festival-musica-penedo-300x200.jpg 300w, https:\/\/www.oparanews.com.br\/wp-content\/uploads\/2023\/09\/festival-musica-penedo-1024x682.jpg 1024w, https:\/\/www.oparanews.com.br\/wp-content\/uploads\/2023\/09\/festival-musica-penedo-768x512.jpg 768w\" sizes=\"auto, (max-width: 1280px) 100vw, 1280px\" \/><\/a><\/p>\n<p><strong>Veja a lista de oficinas instrumentais, no hor\u00e1rio da manh\u00e3<\/strong><\/p>\n<p>&nbsp;<\/p>\n<p><em>Reg\u00eancia para M\u00fasicos de Banda \u2013 n\u00edvel 1\/Pedro Serrano, de Castro Daire-Portugal<\/em><\/p>\n<p>Local: Teatro 7 de Setembro \u2013 sala principal<\/p>\n<p>&nbsp;<\/p>\n<p><em>ABC Musical: inicia\u00e7\u00e3o \u00e0 forma\u00e7\u00e3o da leitura musical \u2013 Teca Gondim, da Bahia<\/em><\/p>\n<p>Local: CEU da Ufal \u2013 sala 1 \u2013 t\u00e9rreo<\/p>\n<p>&nbsp;<\/p>\n<p><em>O estudo da percep\u00e7\u00e3o musical aliado \u00e0 pr\u00e1tica do instrumento: o uso do scat singing para guitarristas e violonistas \u2013 Saulo Ferreira, de Sergipe<\/em><\/p>\n<p>Local: CEU da Ufal \u2013 sala 2 \u2013 1\u00ba andar<\/p>\n<p>&nbsp;<\/p>\n<p><em>Arranjo \u2013 Tain\u00e1 Caldeira, do Rio de Janeiro<\/em><\/p>\n<p>Local: CEU da Ufal \u2013 sala 3 \u2013 1\u00ba andar<\/p>\n<p>&nbsp;<\/p>\n<p><em>Canto \u2013 Sabino Martenucci, da It\u00e1lia<\/em><\/p>\n<p>Local: Igreja do Convento Santa Maria dos Anjos \u2013 sal\u00e3o principal<\/p>\n<p>&nbsp;<\/p>\n<p><em>Saxofone \u2013 Eric Almeida, da Bahia<\/em><\/p>\n<p>Local: Convento Santa Maria dos Anjos \u2013 sala 1<\/p>\n<p>&nbsp;<\/p>\n<p><em>Violino \u2013 Alejandro Aldana, de S\u00e3o Paulo<\/em><\/p>\n<p>Local: Convento Santa Maria dos Anjos \u2013 sala 2<\/p>\n<p>&nbsp;<\/p>\n<p><em>Trompa \u2013 Julia Ingrid, do Rio de Janeiro<\/em><\/p>\n<p>Local: Convento Santa Maria dos Anjos \u2013 sala 3<\/p>\n<p>&nbsp;<\/p>\n<p><em>Trombone \u2013 Neris Rodrigues, de Pernambuco<\/em><\/p>\n<p>Local: Montepio dos Artistas<\/p>\n<p>&nbsp;<\/p>\n<p><em>Trompete \u2013 Danielle Santos, do Rio Grande do Norte<\/em><\/p>\n<p>Local: Sede do Tiro de Guerra<\/p>\n<p>&nbsp;<\/p>\n<p><em>Tuba \u2013 Ta\u00eds Nascimento, do Rio Grande do Sul<\/em><\/p>\n<p>Local: Sede da Sociedade Musical Penedense<\/p>\n<p>&nbsp;<\/p>\n<p><em>Flauta transversal \u2013 Tota Portela, da Bahia<\/em><\/p>\n<p>Local: Hotel S\u00e3o Francisco \u2013 Sala Anexo 1\u2070 andar<\/p>\n<p>&nbsp;<\/p>\n<p><em>Clarinete \u2013 Paula Francinete, do Rio Grande do Norte<\/em><\/p>\n<p>Local: Casa da Aposentadoria \u2013 audit\u00f3rio<\/p>\n<p>&nbsp;<\/p>\n<p><em>Percuss\u00e3o de Rua \u2013 Jair Mendes, da Fran\u00e7a, e Ualex Barra, de Alagoas<\/em><\/p>\n<p>Local: Pra\u00e7a da Igreja das Correntes<\/p>\n<p>&nbsp;<\/p>\n<p><em>Musicaliza\u00e7\u00e3o Infantil \u2013 Elaine Maria da Silva, Mestre Nildo Verdelinho e \u00cdris Verdelinho, todos de Alagoas<\/em><\/p>\n<p>Local: C\u00edrculo Oper\u00e1rio<\/p>\n<p>&nbsp;<\/p>\n<p><em>Violoncelo -David Cruz, de Portugal<\/em><\/p>\n<p>Local: Teatro 7 de Setembro \u2013 1\u2070 andar<\/p>\n<p>&nbsp;<\/p>\n<p><em>Possibilidades Composicionais -Son Melo, da Para\u00edba<\/em><\/p>\n<p>Local: Audit\u00f3rio da SEMCLEJ (Secretaria de Cultura)<\/p>\n<p>&nbsp;<\/p>\n<p><strong>Confira os workshops sonoros que ser\u00e3o realizados \u00e0 tarde<\/strong><\/p>\n<p>&nbsp;<\/p>\n<p><em>Reg\u00eancia para M\u00fasicos de Banda \u2013 N\u00edvel 2\/ Ana Carolina Malaquias, de Belo Horizonte<\/em><\/p>\n<p>Local: Teatro 7 de Setembro \u2013 1\u00ba Andar<\/p>\n<p>&nbsp;<\/p>\n<p><em>Aromaterapia \u2013 Fernanda Japiassu, de Santa Catarina<\/em><\/p>\n<p>Local: CEU\/UFAL \u2013 sala 1 \u2013 t\u00e9rreo<\/p>\n<p>&nbsp;<\/p>\n<p><em>Edi\u00e7\u00e3o Musical para iniciantes \u2013 Jo\u00e3o Paulo Cruz, de Sergipe<\/em><\/p>\n<p>Local: CEU da Ufal \u2013 sala 2 \u2013 1\u2070 andar<\/p>\n<p>&nbsp;<\/p>\n<p><em>A versatilidade da gaita de boca na m\u00fasica brasileira \u2013 Luciano Falc\u00e3o, de Alagoas<\/em><\/p>\n<p>Local: Convento Santa Maria dos Anjos \u2013 sal\u00e3o principal<\/p>\n<p>&nbsp;<\/p>\n<p><em>Ateli\u00ea de Luteria \u2013 Jezreel Silva, de S\u00e3o Paulo<\/em><\/p>\n<p>Local: Convento Santa Maria dos Anjos \u2013 sala 1<\/p>\n<p>&nbsp;<\/p>\n<p><em>Viol\u00e3o Brasileiro: perspectivas, saberes e imers\u00e3o\/Rodrigo Bestetti, de Sergipe<\/em><\/p>\n<p>Local: Convento de Santa Maria \u2013 sala 2<\/p>\n<p>&nbsp;<\/p>\n<p><em>Trompete popular\/Joatan Nascimento, de Alagoas<\/em><\/p>\n<p>HS Instrumentos<\/p>\n<p>Local: Convento Santa Maria dos Anjos \u2013 sala 3<\/p>\n<p>&nbsp;<\/p>\n<p><em>Pr\u00e1tica de Conjunto de Sopro \u2013 Emanuele Raganato, da It\u00e1lia<\/em><\/p>\n<p>Local: Sede do Tiro de Guerra<\/p>\n<p>&nbsp;<\/p>\n<p><em>Bateria \u2013 Carlos Ezequiel, de S\u00e3o Paulo<\/em><\/p>\n<p>Local: Montepio dos Artistas<\/p>\n<p>&nbsp;<\/p>\n<p><em>T\u00e9cnica Vocal \u2013 Alberto Pacheco, de Lisboa-Portugal<\/em><\/p>\n<p>Local: Casa da Aposentadoria \u2013 audit\u00f3rio<\/p>\n<p>&nbsp;<\/p>\n<p><em>Literatura e M\u00fasica \u2013 Ticiano Biancolino, de Alagoas<\/em><\/p>\n<p>Local: Teatro 7 de Setembro \u2013 sala principal<\/p>\n<p>&nbsp;<\/p>\n<p><em>Mercado do Reggae \u2013 Luiz de Assis, de Alagoas<\/em><\/p>\n<p>Local: Audit\u00f3rio da SEMCLEJ (Secretaria de Cultura)<\/p>\n<p>&nbsp;<\/p>\n<p><em>T\u00e9cnicas para Grupos Coreogr\u00e1ficos \u2013 Maran\u00fabia Barbosa, de Goi\u00e1s<\/em><\/p>\n<p>Local: Escola Santa Luzia (antigo Senai)<\/p>\n<p>&nbsp;<\/p>\n<p><em>T\u00e9cnicas para M\u00fasicos de Fanfarra \u2013 Aur\u00e9lio Nogueira, de Goi\u00e1s<\/em><\/p>\n<p>Local: Escola Santa Luzia (antigo Senai)<\/p>\n<p>&nbsp;<\/p>\n<p><em>MusiLibras \u2013 M\u00fasica al\u00e9m do som \u2013 Irton M\u00e1rio da Silva aka Batman Gri\u00f4, de S\u00e3o Paulo<\/em><\/p>\n<p>Local: C\u00edrculo Oper\u00e1rio<\/p>\n<p><a href=\"http:\/\/www.oparanews.com.br\/wp-content\/uploads\/2023\/09\/festival-musica-penedo-aula-foto-roberta-brito.jpg\"><img loading=\"lazy\" decoding=\"async\" class=\"aligncenter size-full wp-image-29312\" src=\"http:\/\/www.oparanews.com.br\/wp-content\/uploads\/2023\/09\/festival-musica-penedo-aula-foto-roberta-brito.jpg\" alt=\"\" width=\"1280\" height=\"853\" srcset=\"https:\/\/www.oparanews.com.br\/wp-content\/uploads\/2023\/09\/festival-musica-penedo-aula-foto-roberta-brito.jpg 1280w, https:\/\/www.oparanews.com.br\/wp-content\/uploads\/2023\/09\/festival-musica-penedo-aula-foto-roberta-brito-300x200.jpg 300w, https:\/\/www.oparanews.com.br\/wp-content\/uploads\/2023\/09\/festival-musica-penedo-aula-foto-roberta-brito-1024x682.jpg 1024w, https:\/\/www.oparanews.com.br\/wp-content\/uploads\/2023\/09\/festival-musica-penedo-aula-foto-roberta-brito-768x512.jpg 768w\" sizes=\"auto, (max-width: 1280px) 100vw, 1280px\" \/><\/a><\/p>\n<p><strong>O Festival<\/strong><\/p>\n<p>&nbsp;<\/p>\n<p>O Festival de M\u00fasica de Penedo \u00e9 uma realiza\u00e7\u00e3o da Universidade Federal de Alagoas \u2013 por meio do Centro de Musicologia de Penedo, curso de licenciatura em M\u00fasica, do Instituto de Ci\u00eancias Humanas, Comunica\u00e7\u00e3o e Artes (Ichca) e Pr\u00f3-reitoria de Extens\u00e3o (Proex) \u2013 da Prefeitura de Penedo e do Governo de Alagoas.<\/p>\n<p>&nbsp;<\/p>\n<p>O evento tem apoio do deputado Paul\u00e3o e patroc\u00ednio do Sebrae e Instituto do Meio Ambiente (IMA). Entre os parceiros est\u00e3o: Laborat\u00f3rio de Musicologia (Lamus), Centro de Estudos de Sociologia e Est\u00e9tica Musical (Cesem), da Universidade Nova, de Lisboa, Dgartes ligada ao Ministerio da Cultura Rep\u00fablica Portuguesa. Tamb\u00e9m conta com as institui\u00e7\u00f5es Universidade de Bordeaux e Timbod\u00e9 Percussivo da Fran\u00e7a, al\u00e9m das Universidades Pedag\u00f3gica, SMEAM e Universidade Eduardo Mondlane, de Mo\u00e7ambique e marcas de Instrumentos Musicais de todo o Brasil.<\/p>\n<p>&nbsp;<\/p>\n<p>&nbsp;<\/p>\n<p>&nbsp;<\/p>\n<p><strong>por Simoneide Ara\u00fajo \u2013 jornalista Ascom UFAL<\/strong><\/p>\n<p>&nbsp;<\/p>\n","protected":false},"excerpt":{"rendered":"<p>Quem estava ansioso, aguardando o an\u00fancio das oficinas promovidas pelo Festival de M\u00fasica de Penedo (Femupe), j\u00e1 pode relaxar porque as inscri\u00e7\u00f5es est\u00e3o abertas e v\u00e3o at\u00e9 15 de outubro. &nbsp; S\u00e3o ofertadas 1.280 vagas em 33 atividades com v\u00e1rios instrumentos musicais e workshops sonoros. Para se inscrever gratuitamente, basta clicar aqui. &nbsp; O Femupe &hellip;<\/p>\n","protected":false},"author":2,"featured_media":29313,"comment_status":"open","ping_status":"open","sticky":false,"template":"","format":"standard","meta":{"_jetpack_memberships_contains_paid_content":false,"footnotes":""},"categories":[1,3],"tags":[],"class_list":["post-29310","post","type-post","status-publish","format-standard","has-post-thumbnail","hentry","category-destaque","category-penedo"],"jetpack_featured_media_url":"https:\/\/www.oparanews.com.br\/wp-content\/uploads\/2023\/09\/festival-musica-penedo-ufal.jpg","jetpack_sharing_enabled":true,"_links":{"self":[{"href":"https:\/\/www.oparanews.com.br\/index.php\/wp-json\/wp\/v2\/posts\/29310","targetHints":{"allow":["GET"]}}],"collection":[{"href":"https:\/\/www.oparanews.com.br\/index.php\/wp-json\/wp\/v2\/posts"}],"about":[{"href":"https:\/\/www.oparanews.com.br\/index.php\/wp-json\/wp\/v2\/types\/post"}],"author":[{"embeddable":true,"href":"https:\/\/www.oparanews.com.br\/index.php\/wp-json\/wp\/v2\/users\/2"}],"replies":[{"embeddable":true,"href":"https:\/\/www.oparanews.com.br\/index.php\/wp-json\/wp\/v2\/comments?post=29310"}],"version-history":[{"count":1,"href":"https:\/\/www.oparanews.com.br\/index.php\/wp-json\/wp\/v2\/posts\/29310\/revisions"}],"predecessor-version":[{"id":29314,"href":"https:\/\/www.oparanews.com.br\/index.php\/wp-json\/wp\/v2\/posts\/29310\/revisions\/29314"}],"wp:featuredmedia":[{"embeddable":true,"href":"https:\/\/www.oparanews.com.br\/index.php\/wp-json\/wp\/v2\/media\/29313"}],"wp:attachment":[{"href":"https:\/\/www.oparanews.com.br\/index.php\/wp-json\/wp\/v2\/media?parent=29310"}],"wp:term":[{"taxonomy":"category","embeddable":true,"href":"https:\/\/www.oparanews.com.br\/index.php\/wp-json\/wp\/v2\/categories?post=29310"},{"taxonomy":"post_tag","embeddable":true,"href":"https:\/\/www.oparanews.com.br\/index.php\/wp-json\/wp\/v2\/tags?post=29310"}],"curies":[{"name":"wp","href":"https:\/\/api.w.org\/{rel}","templated":true}]}}