{"id":29321,"date":"2023-09-20T23:09:03","date_gmt":"2023-09-21T02:09:03","guid":{"rendered":"https:\/\/www.oparanews.com.br\/?p=29321"},"modified":"2023-09-20T23:09:03","modified_gmt":"2023-09-21T02:09:03","slug":"parceria-entre-prefeitura-de-penedo-e-igps-viabiliza-fardamento-para-trabalhadores-da-secretaria-de-servicos-publicos","status":"publish","type":"post","link":"https:\/\/www.oparanews.com.br\/index.php\/2023\/09\/20\/parceria-entre-prefeitura-de-penedo-e-igps-viabiliza-fardamento-para-trabalhadores-da-secretaria-de-servicos-publicos\/","title":{"rendered":"Parceria entre Prefeitura de Penedo e IGPS viabiliza fardamento para trabalhadores da Secretaria de Servi\u00e7os P\u00fablicos"},"content":{"rendered":"<p>A Prefeitura de Penedo e o Instituto de Gest\u00e3o de Pol\u00edticas P\u00fablicas e Sociais (IGPS) entregaram nesta quarta-feira, 20, fardamento para servidores e colaboradores da Secretaria Municipal de Servi\u00e7os P\u00fablicos (SEMSP).<\/p>\n<p>&nbsp;<\/p>\n<p>A distribui\u00e7\u00e3o foi realizada na sede da pasta respons\u00e1vel pela coleta de lixo dom\u00e9stico, poda de \u00e1rvores em logradouros p\u00fablicos, recolhimento de entulhos, capina\u00e7\u00e3o e limpeza das ruas de Penedo, al\u00e9m da realiza\u00e7\u00e3o de obras e a manuten\u00e7\u00e3o das estradas vicinais.<\/p>\n<p>&nbsp;<\/p>\n<p>O Prefeito Ronaldo Lopes participou da iniciativa que atende centenas de trabalhadores. \u201cS\u00e3o praticamente 600 funcion\u00e1rios que trabalham nas mais diversas \u00e1reas de atendimento direto \u00e0 popula\u00e7\u00e3o. Penedo \u00e9 uma cidade limpa, \u00e9 uma cidade que trabalha muito na sua coleta de res\u00edduos, com todos os funcion\u00e1rios trabalhando fardados\u201d.<\/p>\n<p>&nbsp;<\/p>\n<p>\u201cN\u00f3s temos uma parceria com o IGPS, que \u00e9 um dos nossos parceiros nessa luta, e n\u00f3s estamos colocando fardas para todo o pessoal. Foi muito bom participar desse momento, com tanta gente boa que trabalha nessa secretaria\u201d, acrescentou o gestor penedense, elogiando o trabalho do engenheiro civil Ivo Costa, respons\u00e1vel pela SEMSP, e sua equipe.<\/p>\n<p>&nbsp;<\/p>\n<p>\u201cN\u00f3s identificamos cada trabalhador de cada servi\u00e7o prestado por nossa secretaria para a cidade de Penedo. Ent\u00e3o, esse \u00e9 um momento muito gratificante para todos n\u00f3s da Secretaria de Servi\u00e7os P\u00fablicos, um momento realmente de muita satisfa\u00e7\u00e3o\u201d afirmou Ivo Costa.<\/p>\n<p>&nbsp;<\/p>\n<p>&nbsp;<\/p>\n<p>&nbsp;<\/p>\n<p>&nbsp;<\/p>\n<p><strong>Fonte: Secom PMP<\/strong><\/p>\n<p>&nbsp;<\/p>\n","protected":false},"excerpt":{"rendered":"<p>A Prefeitura de Penedo e o Instituto de Gest\u00e3o de Pol\u00edticas P\u00fablicas e Sociais (IGPS) entregaram nesta quarta-feira, 20, fardamento para servidores e colaboradores da Secretaria Municipal de Servi\u00e7os P\u00fablicos (SEMSP). &nbsp; A distribui\u00e7\u00e3o foi realizada na sede da pasta respons\u00e1vel pela coleta de lixo dom\u00e9stico, poda de \u00e1rvores em logradouros p\u00fablicos, recolhimento de entulhos, &hellip;<\/p>\n","protected":false},"author":2,"featured_media":29322,"comment_status":"open","ping_status":"open","sticky":false,"template":"","format":"standard","meta":{"_jetpack_memberships_contains_paid_content":false,"footnotes":""},"categories":[1,3],"tags":[],"class_list":["post-29321","post","type-post","status-publish","format-standard","has-post-thumbnail","hentry","category-destaque","category-penedo"],"jetpack_featured_media_url":"https:\/\/www.oparanews.com.br\/wp-content\/uploads\/2023\/09\/fardamento-semsp-penedo.jpeg","jetpack_sharing_enabled":true,"_links":{"self":[{"href":"https:\/\/www.oparanews.com.br\/index.php\/wp-json\/wp\/v2\/posts\/29321","targetHints":{"allow":["GET"]}}],"collection":[{"href":"https:\/\/www.oparanews.com.br\/index.php\/wp-json\/wp\/v2\/posts"}],"about":[{"href":"https:\/\/www.oparanews.com.br\/index.php\/wp-json\/wp\/v2\/types\/post"}],"author":[{"embeddable":true,"href":"https:\/\/www.oparanews.com.br\/index.php\/wp-json\/wp\/v2\/users\/2"}],"replies":[{"embeddable":true,"href":"https:\/\/www.oparanews.com.br\/index.php\/wp-json\/wp\/v2\/comments?post=29321"}],"version-history":[{"count":1,"href":"https:\/\/www.oparanews.com.br\/index.php\/wp-json\/wp\/v2\/posts\/29321\/revisions"}],"predecessor-version":[{"id":29323,"href":"https:\/\/www.oparanews.com.br\/index.php\/wp-json\/wp\/v2\/posts\/29321\/revisions\/29323"}],"wp:featuredmedia":[{"embeddable":true,"href":"https:\/\/www.oparanews.com.br\/index.php\/wp-json\/wp\/v2\/media\/29322"}],"wp:attachment":[{"href":"https:\/\/www.oparanews.com.br\/index.php\/wp-json\/wp\/v2\/media?parent=29321"}],"wp:term":[{"taxonomy":"category","embeddable":true,"href":"https:\/\/www.oparanews.com.br\/index.php\/wp-json\/wp\/v2\/categories?post=29321"},{"taxonomy":"post_tag","embeddable":true,"href":"https:\/\/www.oparanews.com.br\/index.php\/wp-json\/wp\/v2\/tags?post=29321"}],"curies":[{"name":"wp","href":"https:\/\/api.w.org\/{rel}","templated":true}]}}