{"id":29356,"date":"2023-09-23T12:11:11","date_gmt":"2023-09-23T15:11:11","guid":{"rendered":"https:\/\/www.oparanews.com.br\/?p=29356"},"modified":"2023-09-23T12:11:11","modified_gmt":"2023-09-23T15:11:11","slug":"prefeitura-amplia-em-penedo-locais-com-internet-gratuita","status":"publish","type":"post","link":"https:\/\/www.oparanews.com.br\/index.php\/2023\/09\/23\/prefeitura-amplia-em-penedo-locais-com-internet-gratuita\/","title":{"rendered":"Prefeitura amplia em Penedo locais com internet gratuita"},"content":{"rendered":"<p>O programa Penedo Conectada est\u00e1 crescendo cada dia mais! Lan\u00e7ado em julho de 2023, o investimento do governo Ronaldo Lopes\/Jo\u00e3o Lucas disponibiliza internet de gra\u00e7a para Pra\u00e7a do Povoado Tabuleiros dos Negros e para Pra\u00e7a Mestre Ces\u00e1rio Proc\u00f3pio dos M\u00e1rtires, l\u00e1 na COHAB.<\/p>\n<p>&nbsp;<\/p>\n<p>Atualmente, sob o comando do Departamento de Tecnologia da Informa\u00e7\u00e3o da SEPLAG, o projeto est\u00e1 estendendo suas fronteiras conectivas, incorporando tamb\u00e9m a Pra\u00e7a J\u00e1come Calheiros e a Pra\u00e7a S\u00e3o Judas Tadeu ao seu rol de locais atendidos.<\/p>\n<p>&nbsp;<\/p>\n<p>Para usufruir desta conex\u00e3o, o processo \u00e9 extremamente simples. Ao estar em um dos pontos mencionados, basta acessar a rede \u201c\u1be4 PenedoConectada\u201d para desfrutar do servi\u00e7o aberto \u00e0 comunidade.<\/p>\n<p>&nbsp;<\/p>\n<p><strong>A Vis\u00e3o de Ronaldo Lopes para Conectividade<\/strong><\/p>\n<p>&nbsp;<\/p>\n<p>O Prefeito Ronaldo Lopes, juntamente com o Vice-Prefeito Jo\u00e3o Lucas, desempenha um papel significativo neste programa t\u00e3o importante. O objetivo \u00e9 garantir que todos os cidad\u00e3os, tanto da \u00e1rea urbana quanto rural, possam ter acesso ao mundo digital e, simultaneamente, desfrutar de mais op\u00e7\u00f5es de lazer nos espa\u00e7os p\u00fablicos de Penedo. Ambos est\u00e3o comprometidos em proporcionar uma maior inclus\u00e3o digital e diversidade de atividades recreativas nas pra\u00e7as p\u00fablicas da cidade.<\/p>\n<p>&nbsp;<\/p>\n<p><strong>Objetivos e Futuras Implanta\u00e7\u00f5es<\/strong><\/p>\n<p>&nbsp;<\/p>\n<p>O programa Penedo Conectada visa, por meio de seus pontos de acesso gratuito \u00e0 internet, proporcionar in\u00fameros benef\u00edcios \u00e0 popula\u00e7\u00e3o penedense. O prop\u00f3sito \u00e9 ofertar, de forma abrangente, um servi\u00e7o essencial de conex\u00e3o, possibilitando que todos os habitantes interajam e se integrem de forma mais ativa \u00e0 sociedade digital. A expectativa \u00e9 contribuir para o desenvolvimento sustent\u00e1vel e cont\u00ednuo de Penedo, reafirmando o compromisso da gest\u00e3o municipal com a qualidade de vida e o progresso dos cidad\u00e3os penedenses.<\/p>\n<p>&nbsp;<\/p>\n<p><strong>Avan\u00e7os Tecnol\u00f3gicos na Educa\u00e7\u00e3o em Penedo<\/strong><\/p>\n<p>&nbsp;<\/p>\n<p>A Prefeitura de Penedo tem investido assertivamente em tecnologia educacional, promovendo um ambiente de aprendizado mais rico e acess\u00edvel. A aquisi\u00e7\u00e3o de diversos Chromebooks fornece aos alunos ferramentas essenciais para seus estudos. A integra\u00e7\u00e3o dos programas Trakto Edu e Google for Education oferecem plataformas inovadoras que estimulam a interatividade entre professores e estudantes.<\/p>\n<p>&nbsp;<\/p>\n<p>Al\u00e9m disso, o programa \u2018Penedo Inclusiva\u2019, utilizando a tecnologia Cognvox, expande a assist\u00eancia em Educa\u00e7\u00e3o Especial, beneficiando alunos, pais e professores da rede municipal, reafirmando o compromisso da gest\u00e3o de Ronaldo Lopes com uma educa\u00e7\u00e3o inclusiva e avan\u00e7ada.<\/p>\n<p>&nbsp;<\/p>\n<p>&nbsp;<\/p>\n<p>&nbsp;<\/p>\n<p>&nbsp;<\/p>\n<p><strong>Fonte: Secom PMP<\/strong><\/p>\n<p>&nbsp;<\/p>\n","protected":false},"excerpt":{"rendered":"<p>O programa Penedo Conectada est\u00e1 crescendo cada dia mais! Lan\u00e7ado em julho de 2023, o investimento do governo Ronaldo Lopes\/Jo\u00e3o Lucas disponibiliza internet de gra\u00e7a para Pra\u00e7a do Povoado Tabuleiros dos Negros e para Pra\u00e7a Mestre Ces\u00e1rio Proc\u00f3pio dos M\u00e1rtires, l\u00e1 na COHAB. &nbsp; Atualmente, sob o comando do Departamento de Tecnologia da Informa\u00e7\u00e3o da &hellip;<\/p>\n","protected":false},"author":2,"featured_media":29357,"comment_status":"open","ping_status":"open","sticky":false,"template":"","format":"standard","meta":{"_jetpack_memberships_contains_paid_content":false,"footnotes":""},"categories":[1,3],"tags":[],"class_list":["post-29356","post","type-post","status-publish","format-standard","has-post-thumbnail","hentry","category-destaque","category-penedo"],"jetpack_featured_media_url":"https:\/\/www.oparanews.com.br\/wp-content\/uploads\/2023\/09\/penedoconectada3.jpg","jetpack_sharing_enabled":true,"_links":{"self":[{"href":"https:\/\/www.oparanews.com.br\/index.php\/wp-json\/wp\/v2\/posts\/29356","targetHints":{"allow":["GET"]}}],"collection":[{"href":"https:\/\/www.oparanews.com.br\/index.php\/wp-json\/wp\/v2\/posts"}],"about":[{"href":"https:\/\/www.oparanews.com.br\/index.php\/wp-json\/wp\/v2\/types\/post"}],"author":[{"embeddable":true,"href":"https:\/\/www.oparanews.com.br\/index.php\/wp-json\/wp\/v2\/users\/2"}],"replies":[{"embeddable":true,"href":"https:\/\/www.oparanews.com.br\/index.php\/wp-json\/wp\/v2\/comments?post=29356"}],"version-history":[{"count":1,"href":"https:\/\/www.oparanews.com.br\/index.php\/wp-json\/wp\/v2\/posts\/29356\/revisions"}],"predecessor-version":[{"id":29358,"href":"https:\/\/www.oparanews.com.br\/index.php\/wp-json\/wp\/v2\/posts\/29356\/revisions\/29358"}],"wp:featuredmedia":[{"embeddable":true,"href":"https:\/\/www.oparanews.com.br\/index.php\/wp-json\/wp\/v2\/media\/29357"}],"wp:attachment":[{"href":"https:\/\/www.oparanews.com.br\/index.php\/wp-json\/wp\/v2\/media?parent=29356"}],"wp:term":[{"taxonomy":"category","embeddable":true,"href":"https:\/\/www.oparanews.com.br\/index.php\/wp-json\/wp\/v2\/categories?post=29356"},{"taxonomy":"post_tag","embeddable":true,"href":"https:\/\/www.oparanews.com.br\/index.php\/wp-json\/wp\/v2\/tags?post=29356"}],"curies":[{"name":"wp","href":"https:\/\/api.w.org\/{rel}","templated":true}]}}