{"id":29359,"date":"2023-09-24T15:07:08","date_gmt":"2023-09-24T18:07:08","guid":{"rendered":"https:\/\/www.oparanews.com.br\/?p=29359"},"modified":"2023-09-24T15:07:08","modified_gmt":"2023-09-24T18:07:08","slug":"trakto-show-penedo-2023-supera-inscricoes-de-participantes-e-inclui-mais-penedenses-nas-palestras","status":"publish","type":"post","link":"https:\/\/www.oparanews.com.br\/index.php\/2023\/09\/24\/trakto-show-penedo-2023-supera-inscricoes-de-participantes-e-inclui-mais-penedenses-nas-palestras\/","title":{"rendered":"Trakto Show Penedo 2023 supera inscri\u00e7\u00f5es de participantes e inclui mais penedenses nas palestras"},"content":{"rendered":"<p>Mais de quatro mil pessoas est\u00e3o inscritas para as palestras do Trakto Show Penedo 2023, praticamente o dobro do ano passado. O aumento do interesse dos moradores e visitantes, inclusive de outros estados, comprova o sucesso da iniciativa que tem apoio da Prefeitura de Penedo e do Governo de Alagoas.<\/p>\n<p>&nbsp;<\/p>\n<p>Inaugurando o formato \u2018centro de conven\u00e7\u00f5es a c\u00e9u aberto\u2019, a edi\u00e7\u00e3o deste ano tem o palco Velho Chico posicionado em frente \u00e0 Pra\u00e7a 12 de Abril, com o rio ao fundo, e Arena Trakto mantida no Centro de Conven\u00e7\u00f5es e Eventos Comendador Zeca Peixoto, o antigo Cine S\u00e3o Francisco.<\/p>\n<p>&nbsp;<\/p>\n<p>\u201cPelo segundo ano consecutivo, estamos realizando aqui em Penedo esse grande evento de empreendedorismo, de tecnologia e de inova\u00e7\u00e3o, que \u00e9 o Trakto Show. A exemplo do ano passado, esse ano est\u00e1 sendo um sucesso muito grande, inclusive com o dobro das inscri\u00e7\u00f5es de pessoas\u201d, destaca o Prefeito Ronaldo Lopes, enaltecendo Penedo como a cidade mais inovadora e mais criativa de Alagoas.<\/p>\n<p><a href=\"http:\/\/www.oparanews.com.br\/wp-content\/uploads\/2023\/09\/trakto-show-penedo-2023-62.jpeg\"><img loading=\"lazy\" decoding=\"async\" class=\"aligncenter size-full wp-image-29361\" src=\"http:\/\/www.oparanews.com.br\/wp-content\/uploads\/2023\/09\/trakto-show-penedo-2023-62.jpeg\" alt=\"\" width=\"1600\" height=\"1066\" srcset=\"https:\/\/www.oparanews.com.br\/wp-content\/uploads\/2023\/09\/trakto-show-penedo-2023-62.jpeg 1600w, https:\/\/www.oparanews.com.br\/wp-content\/uploads\/2023\/09\/trakto-show-penedo-2023-62-300x200.jpeg 300w, https:\/\/www.oparanews.com.br\/wp-content\/uploads\/2023\/09\/trakto-show-penedo-2023-62-1024x682.jpeg 1024w, https:\/\/www.oparanews.com.br\/wp-content\/uploads\/2023\/09\/trakto-show-penedo-2023-62-768x512.jpeg 768w, https:\/\/www.oparanews.com.br\/wp-content\/uploads\/2023\/09\/trakto-show-penedo-2023-62-1536x1023.jpeg 1536w\" sizes=\"auto, (max-width: 1600px) 100vw, 1600px\" \/><\/a><\/p>\n<p>Paulo Ten\u00f3rio, CEO e fundador da Trakto, tamb\u00e9m ressalta o sucesso do evento. \u201cA gente bateu esse ano todos os recordes de ano passado. S\u00e3o mais de 4 mil inscri\u00e7\u00f5es de pessoas que vieram de v\u00e1rios estados, da Bahia, da Para\u00edba, de Sergipe, de Pernambuco vindo aqui para Penedo, ent\u00e3o \u00e9 uma oportunidade incr\u00edvel de levar o nome e Penedo para fora\u201d.<\/p>\n<p>&nbsp;<\/p>\n<p>Com programa\u00e7\u00e3o diversificada, o Trakto Show Penedo tamb\u00e9m ampliou a participa\u00e7\u00e3o de empreendedores locais. \u201cEsse ano a gente colocou 16 palestrantes de Penedo no palco do Trakto Show, valorizando o empreendedorismo local. S\u00e3o mais de 200 pessoas trabalhando na produ\u00e7\u00e3o e a ideia que a gente tem \u00e9 gerar oportunidade de emprego e renda n\u00e3o s\u00f3 durante e antes do evento, mas principalmente ap\u00f3s\u201d, completa Paulo Ten\u00f3rio.<\/p>\n<p>&nbsp;<\/p>\n<p>O incentivo ao empreendedorismo, com ideias inspiradoras e orienta\u00e7\u00e3o especializada, pode impactar ainda mais a economia do munic\u00edpio, como explica Ten\u00f3rio.<\/p>\n<p>&nbsp;<\/p>\n<p>\u201cSe 300 pessoas conseguirem montar seus pr\u00f3ximos neg\u00f3cios, com faturamento m\u00e9dio de dois mil reais, a gente est\u00e1 falando um faturamento anual na casa de oito milh\u00f5es de reais, trazendo para a economia de Penedo\u201d.<\/p>\n<p><a href=\"http:\/\/www.oparanews.com.br\/wp-content\/uploads\/2023\/09\/trakto-show-penedo-2023-27.jpeg\"><img loading=\"lazy\" decoding=\"async\" class=\"aligncenter size-full wp-image-29362\" src=\"http:\/\/www.oparanews.com.br\/wp-content\/uploads\/2023\/09\/trakto-show-penedo-2023-27.jpeg\" alt=\"\" width=\"1152\" height=\"768\" srcset=\"https:\/\/www.oparanews.com.br\/wp-content\/uploads\/2023\/09\/trakto-show-penedo-2023-27.jpeg 1152w, https:\/\/www.oparanews.com.br\/wp-content\/uploads\/2023\/09\/trakto-show-penedo-2023-27-300x200.jpeg 300w, https:\/\/www.oparanews.com.br\/wp-content\/uploads\/2023\/09\/trakto-show-penedo-2023-27-1024x683.jpeg 1024w, https:\/\/www.oparanews.com.br\/wp-content\/uploads\/2023\/09\/trakto-show-penedo-2023-27-768x512.jpeg 768w\" sizes=\"auto, (max-width: 1152px) 100vw, 1152px\" \/><\/a><\/p>\n<p>Nestes dois dias do Trakto Show, cerca de oito mil pessoas devem circular em Penedo. \u201cHot\u00e9is e pousadas est\u00e3o lotados, ou seja, \u00e9 um impacto muito positivo na economia local e essas pessoas que vieram para o evento v\u00e3o usar bares, restaurantes e os servi\u00e7os da cidade. Ent\u00e3o a Prefeitura de Penedo investe porque sabe que o evento gera retorno e, acima de tudo, traz acesso ao empreendedorismo e ao empreendedorismo criativo, que \u00e9 a voca\u00e7\u00e3o dessa bel\u00edssima cidade\u201d, afirma Jair Galv\u00e3o, Secret\u00e1rio Municipal de Turismo e Economia Criativa.<\/p>\n<p>&nbsp;<\/p>\n<p>&nbsp;<\/p>\n<p>&nbsp;<\/p>\n<p>&nbsp;<\/p>\n<p><strong>Fonte: Secom PMP<\/strong><\/p>\n<p>&nbsp;<\/p>\n","protected":false},"excerpt":{"rendered":"<p>Mais de quatro mil pessoas est\u00e3o inscritas para as palestras do Trakto Show Penedo 2023, praticamente o dobro do ano passado. O aumento do interesse dos moradores e visitantes, inclusive de outros estados, comprova o sucesso da iniciativa que tem apoio da Prefeitura de Penedo e do Governo de Alagoas. &nbsp; Inaugurando o formato \u2018centro &hellip;<\/p>\n","protected":false},"author":2,"featured_media":29360,"comment_status":"open","ping_status":"open","sticky":false,"template":"","format":"standard","meta":{"_jetpack_memberships_contains_paid_content":false,"footnotes":""},"categories":[1,3],"tags":[],"class_list":["post-29359","post","type-post","status-publish","format-standard","has-post-thumbnail","hentry","category-destaque","category-penedo"],"jetpack_featured_media_url":"https:\/\/www.oparanews.com.br\/wp-content\/uploads\/2023\/09\/trakto-show-penedo-2023.jpeg","jetpack_sharing_enabled":true,"_links":{"self":[{"href":"https:\/\/www.oparanews.com.br\/index.php\/wp-json\/wp\/v2\/posts\/29359","targetHints":{"allow":["GET"]}}],"collection":[{"href":"https:\/\/www.oparanews.com.br\/index.php\/wp-json\/wp\/v2\/posts"}],"about":[{"href":"https:\/\/www.oparanews.com.br\/index.php\/wp-json\/wp\/v2\/types\/post"}],"author":[{"embeddable":true,"href":"https:\/\/www.oparanews.com.br\/index.php\/wp-json\/wp\/v2\/users\/2"}],"replies":[{"embeddable":true,"href":"https:\/\/www.oparanews.com.br\/index.php\/wp-json\/wp\/v2\/comments?post=29359"}],"version-history":[{"count":1,"href":"https:\/\/www.oparanews.com.br\/index.php\/wp-json\/wp\/v2\/posts\/29359\/revisions"}],"predecessor-version":[{"id":29363,"href":"https:\/\/www.oparanews.com.br\/index.php\/wp-json\/wp\/v2\/posts\/29359\/revisions\/29363"}],"wp:featuredmedia":[{"embeddable":true,"href":"https:\/\/www.oparanews.com.br\/index.php\/wp-json\/wp\/v2\/media\/29360"}],"wp:attachment":[{"href":"https:\/\/www.oparanews.com.br\/index.php\/wp-json\/wp\/v2\/media?parent=29359"}],"wp:term":[{"taxonomy":"category","embeddable":true,"href":"https:\/\/www.oparanews.com.br\/index.php\/wp-json\/wp\/v2\/categories?post=29359"},{"taxonomy":"post_tag","embeddable":true,"href":"https:\/\/www.oparanews.com.br\/index.php\/wp-json\/wp\/v2\/tags?post=29359"}],"curies":[{"name":"wp","href":"https:\/\/api.w.org\/{rel}","templated":true}]}}