{"id":29365,"date":"2023-09-25T22:57:19","date_gmt":"2023-09-26T01:57:19","guid":{"rendered":"https:\/\/www.oparanews.com.br\/?p=29365"},"modified":"2023-09-25T22:59:14","modified_gmt":"2023-09-26T01:59:14","slug":"trakto-show-penedo-destaca-protagonismo-local-e-cria-rede-de-apoio-para-o-empreendedores","status":"publish","type":"post","link":"https:\/\/www.oparanews.com.br\/index.php\/2023\/09\/25\/trakto-show-penedo-destaca-protagonismo-local-e-cria-rede-de-apoio-para-o-empreendedores\/","title":{"rendered":"Trakto Show Penedo destaca protagonismo local e cria rede de apoio para o empreendedores"},"content":{"rendered":"<p>A edi\u00e7\u00e3o 2023 do Trakto Show Penedo registrou 4.428 inscri\u00e7\u00f5es, todas gratuitas, e ampliou a participa\u00e7\u00e3o de empreendedores locais, com 16 respons\u00e1veis por iniciativas bem sucedidas inclu\u00eddos na programa\u00e7\u00e3o levada ao p\u00fablico neste \u00faltimo final de semana.<\/p>\n<p>&nbsp;<\/p>\n<p>Na arena instalada no Centro de Conven\u00e7\u00f5es, pessoas que geram emprego e renda em Penedo comentaram suas experi\u00eancias exitosas, de forma descontra\u00edda e compartilha, inclusive sobre perdas que ensinam muito sobre como acertar na pr\u00f3xima vez.<\/p>\n<p>&nbsp;<\/p>\n<p>Da mesma forma, o palco Velho Chico tamb\u00e9m foi aberto para a divulga\u00e7\u00e3o de iniciativas inovadoras e inspiradoras.<\/p>\n<p>&nbsp;<\/p>\n<p>A nova configura\u00e7\u00e3o do Trakto Show Penedo fora do antigo Cinema S\u00e3o Francisco \u00e9 mais um acerto do evento que confirma a voca\u00e7\u00e3o de \u2018centro de conven\u00e7\u00f5es a c\u00e9u aberto\u2019 na cidade hist\u00f3rica.<\/p>\n<p>&nbsp;<\/p>\n<p>E na trilha da colabora\u00e7\u00e3o com o desenvolvimento local, a Trakto lan\u00e7ou na tarde do domingo, 24, o Grupo VIP Penedo. Quem estava na plateia da arena principal, s\u00f3 precisou apontar seu smartphone para o QR-Code para receber servi\u00e7os exclusivos para cem participantes.<\/p>\n<p>&nbsp;<\/p>\n<p>A orienta\u00e7\u00e3o especializada gera acesso ao Trakto Premium, rede de apoio exclusiva, cursos de qualidade e parcerias locais por apenas cinquenta reais ao ano.<\/p>\n<p>&nbsp;<\/p>\n<p>O impulso para o crescimento profissional e pessoal tem ainda um pr\u00eamio, o Empreendedor do Ano. Em 2023, o barbeiro e cabeleireiro Lenisson dos Santos (@lenisonpenedense) recebeu o trof\u00e9u das m\u00e3os de Paulo Ten\u00f3rio, CEO e fundador da Trakto.<\/p>\n<p><a href=\"http:\/\/www.oparanews.com.br\/wp-content\/uploads\/2023\/09\/trakto-show-penedo-2023-empreendedores-penedenses-7.jpg\"><img loading=\"lazy\" decoding=\"async\" class=\"aligncenter size-full wp-image-29367\" src=\"http:\/\/www.oparanews.com.br\/wp-content\/uploads\/2023\/09\/trakto-show-penedo-2023-empreendedores-penedenses-7.jpg\" alt=\"\" width=\"1152\" height=\"768\" srcset=\"https:\/\/www.oparanews.com.br\/wp-content\/uploads\/2023\/09\/trakto-show-penedo-2023-empreendedores-penedenses-7.jpg 1152w, https:\/\/www.oparanews.com.br\/wp-content\/uploads\/2023\/09\/trakto-show-penedo-2023-empreendedores-penedenses-7-300x200.jpg 300w, https:\/\/www.oparanews.com.br\/wp-content\/uploads\/2023\/09\/trakto-show-penedo-2023-empreendedores-penedenses-7-1024x683.jpg 1024w, https:\/\/www.oparanews.com.br\/wp-content\/uploads\/2023\/09\/trakto-show-penedo-2023-empreendedores-penedenses-7-768x512.jpg 768w\" sizes=\"auto, (max-width: 1152px) 100vw, 1152px\" \/><\/a><\/p>\n<p>&nbsp;<\/p>\n<p>&nbsp;<\/p>\n<p><strong>Fonte: Secom PMP<\/strong><\/p>\n<p>&nbsp;<\/p>\n","protected":false},"excerpt":{"rendered":"<p>A edi\u00e7\u00e3o 2023 do Trakto Show Penedo registrou 4.428 inscri\u00e7\u00f5es, todas gratuitas, e ampliou a participa\u00e7\u00e3o de empreendedores locais, com 16 respons\u00e1veis por iniciativas bem sucedidas inclu\u00eddos na programa\u00e7\u00e3o levada ao p\u00fablico neste \u00faltimo final de semana. &nbsp; Na arena instalada no Centro de Conven\u00e7\u00f5es, pessoas que geram emprego e renda em Penedo comentaram suas &hellip;<\/p>\n","protected":false},"author":2,"featured_media":29366,"comment_status":"open","ping_status":"open","sticky":false,"template":"","format":"standard","meta":{"_jetpack_memberships_contains_paid_content":false,"footnotes":""},"categories":[1,3],"tags":[],"class_list":["post-29365","post","type-post","status-publish","format-standard","has-post-thumbnail","hentry","category-destaque","category-penedo"],"jetpack_featured_media_url":"https:\/\/www.oparanews.com.br\/wp-content\/uploads\/2023\/09\/trakto-show-penedo-2023-empreendedores-penedenses.jpg","jetpack_sharing_enabled":true,"_links":{"self":[{"href":"https:\/\/www.oparanews.com.br\/index.php\/wp-json\/wp\/v2\/posts\/29365","targetHints":{"allow":["GET"]}}],"collection":[{"href":"https:\/\/www.oparanews.com.br\/index.php\/wp-json\/wp\/v2\/posts"}],"about":[{"href":"https:\/\/www.oparanews.com.br\/index.php\/wp-json\/wp\/v2\/types\/post"}],"author":[{"embeddable":true,"href":"https:\/\/www.oparanews.com.br\/index.php\/wp-json\/wp\/v2\/users\/2"}],"replies":[{"embeddable":true,"href":"https:\/\/www.oparanews.com.br\/index.php\/wp-json\/wp\/v2\/comments?post=29365"}],"version-history":[{"count":1,"href":"https:\/\/www.oparanews.com.br\/index.php\/wp-json\/wp\/v2\/posts\/29365\/revisions"}],"predecessor-version":[{"id":29368,"href":"https:\/\/www.oparanews.com.br\/index.php\/wp-json\/wp\/v2\/posts\/29365\/revisions\/29368"}],"wp:featuredmedia":[{"embeddable":true,"href":"https:\/\/www.oparanews.com.br\/index.php\/wp-json\/wp\/v2\/media\/29366"}],"wp:attachment":[{"href":"https:\/\/www.oparanews.com.br\/index.php\/wp-json\/wp\/v2\/media?parent=29365"}],"wp:term":[{"taxonomy":"category","embeddable":true,"href":"https:\/\/www.oparanews.com.br\/index.php\/wp-json\/wp\/v2\/categories?post=29365"},{"taxonomy":"post_tag","embeddable":true,"href":"https:\/\/www.oparanews.com.br\/index.php\/wp-json\/wp\/v2\/tags?post=29365"}],"curies":[{"name":"wp","href":"https:\/\/api.w.org\/{rel}","templated":true}]}}