{"id":29389,"date":"2023-09-27T14:11:43","date_gmt":"2023-09-27T17:11:43","guid":{"rendered":"https:\/\/www.oparanews.com.br\/?p=29389"},"modified":"2023-09-27T14:11:43","modified_gmt":"2023-09-27T17:11:43","slug":"prefeitura-de-penedo-apoia-a-realizacao-da-1a-feira-de-pesca-e-aquicultura-do-baixo-sao-francisco","status":"publish","type":"post","link":"https:\/\/www.oparanews.com.br\/index.php\/2023\/09\/27\/prefeitura-de-penedo-apoia-a-realizacao-da-1a-feira-de-pesca-e-aquicultura-do-baixo-sao-francisco\/","title":{"rendered":"Prefeitura de Penedo apoia a realiza\u00e7\u00e3o da 1\u00aa Feira de Pesca e Aquicultura do Baixo S\u00e3o Francisco"},"content":{"rendered":"<p>A Prefeitura de Penedo, por meio da Secretaria Municipal de Abastecimento e Desenvolvimento Agr\u00edcola (Semada), est\u00e1 apoiando a realiza\u00e7\u00e3o da 1\u00aa Feira de Pesca e Aquicultura do Baixo S\u00e3o Francisco (FEPESQUI).<\/p>\n<p>&nbsp;<\/p>\n<p>O evento aberto nesta quarta-feira, 19, no audit\u00f3rio da Casa de Aposentadoria, \u00e9 uma iniciativa do curso de Engenharia da Pesca da Universidade Federal de Alagoas (Ufal), ofertado em Penedo.<\/p>\n<p>&nbsp;<\/p>\n<p>O corpo t\u00e9cnico da Semada respons\u00e1vel pela assist\u00eancia aos produtores penedenses nas \u00e1reas de piscicultura e aquicultura participam do evento ao lado de representantes de outras entidades parceiras do trabalho.<\/p>\n<p>&nbsp;<\/p>\n<p>A FEPESQUI visa impulsionar o desenvolvimento socioecon\u00f4mico da pesca e da aquicultura na regi\u00e3o ribeirinha, promovendo a troca de conhecimento, divulgando as potencialidades do Baixo S\u00e3o Francisco e fortalecendo o setor pesqueiro.<\/p>\n<p>&nbsp;<\/p>\n<p>A programa\u00e7\u00e3o abrange oficinas pr\u00e1ticas, palestras informativas, workshops, exposi\u00e7\u00f5es e a Feira do Pescado, que ser\u00e1 realizada na manh\u00e3 de s\u00e1bado, 30, na Pra\u00e7a 12 de Abril.<\/p>\n<p>&nbsp;<\/p>\n<p><a href=\"https:\/\/penedo.al.gov.br\/wp-content\/uploads\/2023\/09\/Programacao-FEPESQUI-Retif.pdf\"><strong>Programa\u00e7\u00e3o FEPESQUI<\/strong><\/a><\/p>\n<p>&nbsp;<\/p>\n<p>&nbsp;<\/p>\n<p>&nbsp;<\/p>\n<p>&nbsp;<\/p>\n<p><strong>Fonte: Secom PMP<\/strong><\/p>\n<p>&nbsp;<\/p>\n","protected":false},"excerpt":{"rendered":"<p>A Prefeitura de Penedo, por meio da Secretaria Municipal de Abastecimento e Desenvolvimento Agr\u00edcola (Semada), est\u00e1 apoiando a realiza\u00e7\u00e3o da 1\u00aa Feira de Pesca e Aquicultura do Baixo S\u00e3o Francisco (FEPESQUI). &nbsp; O evento aberto nesta quarta-feira, 19, no audit\u00f3rio da Casa de Aposentadoria, \u00e9 uma iniciativa do curso de Engenharia da Pesca da Universidade &hellip;<\/p>\n","protected":false},"author":2,"featured_media":29390,"comment_status":"open","ping_status":"open","sticky":false,"template":"","format":"standard","meta":{"_jetpack_memberships_contains_paid_content":false,"footnotes":""},"categories":[1,3],"tags":[],"class_list":["post-29389","post","type-post","status-publish","format-standard","has-post-thumbnail","hentry","category-destaque","category-penedo"],"jetpack_featured_media_url":"https:\/\/www.oparanews.com.br\/wp-content\/uploads\/2023\/09\/fepesqui-penedo-2.jpeg","jetpack_sharing_enabled":true,"_links":{"self":[{"href":"https:\/\/www.oparanews.com.br\/index.php\/wp-json\/wp\/v2\/posts\/29389","targetHints":{"allow":["GET"]}}],"collection":[{"href":"https:\/\/www.oparanews.com.br\/index.php\/wp-json\/wp\/v2\/posts"}],"about":[{"href":"https:\/\/www.oparanews.com.br\/index.php\/wp-json\/wp\/v2\/types\/post"}],"author":[{"embeddable":true,"href":"https:\/\/www.oparanews.com.br\/index.php\/wp-json\/wp\/v2\/users\/2"}],"replies":[{"embeddable":true,"href":"https:\/\/www.oparanews.com.br\/index.php\/wp-json\/wp\/v2\/comments?post=29389"}],"version-history":[{"count":1,"href":"https:\/\/www.oparanews.com.br\/index.php\/wp-json\/wp\/v2\/posts\/29389\/revisions"}],"predecessor-version":[{"id":29391,"href":"https:\/\/www.oparanews.com.br\/index.php\/wp-json\/wp\/v2\/posts\/29389\/revisions\/29391"}],"wp:featuredmedia":[{"embeddable":true,"href":"https:\/\/www.oparanews.com.br\/index.php\/wp-json\/wp\/v2\/media\/29390"}],"wp:attachment":[{"href":"https:\/\/www.oparanews.com.br\/index.php\/wp-json\/wp\/v2\/media?parent=29389"}],"wp:term":[{"taxonomy":"category","embeddable":true,"href":"https:\/\/www.oparanews.com.br\/index.php\/wp-json\/wp\/v2\/categories?post=29389"},{"taxonomy":"post_tag","embeddable":true,"href":"https:\/\/www.oparanews.com.br\/index.php\/wp-json\/wp\/v2\/tags?post=29389"}],"curies":[{"name":"wp","href":"https:\/\/api.w.org\/{rel}","templated":true}]}}