{"id":29412,"date":"2023-10-01T22:50:50","date_gmt":"2023-10-02T01:50:50","guid":{"rendered":"https:\/\/www.oparanews.com.br\/?p=29412"},"modified":"2023-10-01T22:50:50","modified_gmt":"2023-10-02T01:50:50","slug":"cmdca-penedo-divulga-resultado-da-eleicao-para-conselheiro-tutelar","status":"publish","type":"post","link":"https:\/\/www.oparanews.com.br\/index.php\/2023\/10\/01\/cmdca-penedo-divulga-resultado-da-eleicao-para-conselheiro-tutelar\/","title":{"rendered":"CMDCA Penedo divulga resultado da elei\u00e7\u00e3o para conselheiro tutelar"},"content":{"rendered":"<p>O Conselho Municipal dos Direitos da Crian\u00e7a e do Adolescente (CMDCA) acaba de divulgar o resultado oficial das elei\u00e7\u00f5es para a composi\u00e7\u00e3o do Conselho Tutelar de Penedo.<\/p>\n<p>&nbsp;<\/p>\n<p>Com mais de 40 mil eleitores aptos a votar, a escolha de cada um resultou na lista que pode ser conferida abaixo do texto.<\/p>\n<p>&nbsp;<\/p>\n<p>O pleito realizado neste domingo, 1\u00ba de outubro, foi acompanhado desde o in\u00edcio do processo pelo Minist\u00e9rio P\u00fablico do Estado de Alagoas (MPE\/AL), representado pelo promotor de justi\u00e7a Jo\u00e3o Batista Santos Filho.<\/p>\n<p>&nbsp;<\/p>\n<p>O Tribunal Regional Eleitoral (TRE) de Alagoas tamb\u00e9m atuou na elei\u00e7\u00e3o que, pela primeira vez, foi realizada com urnas eletr\u00f4nicas nos locais onde as se\u00e7\u00f5es eleitorais foram concentradas.<\/p>\n<p>&nbsp;<\/p>\n<p>Das 15 urnas solicitadas por meio de of\u00edcio \u00e0 justi\u00e7a eleitoral, nove foram disponibilizadas para Penedo e instaladas em escolas da rede p\u00fablica estadual (Gabino Besouro, Alcides Andrade e Comendador Jos\u00e9 da Silva Peixoto).<\/p>\n<p>&nbsp;<\/p>\n<p>Para agilizar o deslocamento da popula\u00e7\u00e3o, a Prefeitura de Penedo disponibilizou transporte gratuito, com orienta\u00e7\u00e3o da SMTT para o tr\u00e2nsito pr\u00f3ximo das unidades de ensino que registraram grande fluxo de eleitores.<\/p>\n<p>&nbsp;<\/p>\n<p>Segundo as regras do pleito, os port\u00f5es das escolas foram abertos \u00e0s 8 horas, com prioridade para idosos, gestantes e deficientes nas filas das se\u00e7\u00f5es que s\u00f3 encerraram a vota\u00e7\u00e3o ap\u00f3s a escolha do \u00faltimo eleitor, j\u00e1 com os port\u00f5es fechados \u00e0s 17 horas.<\/p>\n<p>&nbsp;<\/p>\n<p>A contagem dos votos, de acordo com os boletins das urnas, aconteceu na Escola Estdual Comendador Jos\u00e9 da Silva Peixoto, sob coordena\u00e7\u00e3o do promotor de justi\u00e7a Jo\u00e3o Batista Filho, presen\u00e7a dos candidatos e candidatas e transmiss\u00e3o ao vivo pelo Instagram da Prefeitura de Penedo.<\/p>\n<p>&nbsp;<\/p>\n<p>Confira abaixo quem s\u00e3o os conselheiros tutelares de Penedo, titulares e suplentes, para o quadri\u00eanio 2024-2027.<\/p>\n<p>&nbsp;<\/p>\n<p><strong>TITULARES<\/strong><\/p>\n<p>&nbsp;<\/p>\n<p><em><strong>Man\u00edlsson Costa \u2013 569 votos<\/strong><\/em><\/p>\n<p><em><strong>Simone Idalino \u2013 560 votos<\/strong><\/em><\/p>\n<p><em><strong>Gilv\u00e2nia Fagundes \u2013 499 votos<\/strong><\/em><\/p>\n<p><em><strong>Sandra Pacheco \u2013 417 votos<\/strong><\/em><\/p>\n<p><em><strong>J\u00e9ssica Mirele \u2013 348 votos<\/strong><\/em><\/p>\n<p>&nbsp;<\/p>\n<p><strong>SUPLENTES<\/strong><\/p>\n<p>&nbsp;<\/p>\n<p>Dione Izabel \u2013 309 votos<\/p>\n<p>Larisse Monique \u2013 299 votos<\/p>\n<p>Maria Gilvanete \u2013 292 votos<\/p>\n<p>Lucimar da Purifica\u00e7\u00e3o \u2013 260 votos<\/p>\n<p>Humberto Oliveira \u2013 221 votos<\/p>\n<p>&nbsp;<\/p>\n<p><strong>DEMAIS CANDIDATOS<\/strong><\/p>\n<p>&nbsp;<\/p>\n<p>C\u00edcero Irandir \u2013 198 votos<\/p>\n<p>Lu\u00eds Rom\u00e1rio- 143 votos<\/p>\n<p>F\u00e1bio Oliveira \u2013 51 votos<\/p>\n<p>&nbsp;<\/p>\n<p>&nbsp;<\/p>\n<p>&nbsp;<\/p>\n<p><strong>Fonte: Secom PMP<\/strong><\/p>\n<p>&nbsp;<\/p>\n","protected":false},"excerpt":{"rendered":"<p>O Conselho Municipal dos Direitos da Crian\u00e7a e do Adolescente (CMDCA) acaba de divulgar o resultado oficial das elei\u00e7\u00f5es para a composi\u00e7\u00e3o do Conselho Tutelar de Penedo. &nbsp; Com mais de 40 mil eleitores aptos a votar, a escolha de cada um resultou na lista que pode ser conferida abaixo do texto. &nbsp; O pleito &hellip;<\/p>\n","protected":false},"author":2,"featured_media":29413,"comment_status":"open","ping_status":"open","sticky":false,"template":"","format":"standard","meta":{"_jetpack_memberships_contains_paid_content":false,"footnotes":""},"categories":[1,3],"tags":[],"class_list":["post-29412","post","type-post","status-publish","format-standard","has-post-thumbnail","hentry","category-destaque","category-penedo"],"jetpack_featured_media_url":"https:\/\/www.oparanews.com.br\/wp-content\/uploads\/2023\/10\/eleicao-conselho-tutelar-apuracao-votos-5.jpeg","jetpack_sharing_enabled":true,"_links":{"self":[{"href":"https:\/\/www.oparanews.com.br\/index.php\/wp-json\/wp\/v2\/posts\/29412","targetHints":{"allow":["GET"]}}],"collection":[{"href":"https:\/\/www.oparanews.com.br\/index.php\/wp-json\/wp\/v2\/posts"}],"about":[{"href":"https:\/\/www.oparanews.com.br\/index.php\/wp-json\/wp\/v2\/types\/post"}],"author":[{"embeddable":true,"href":"https:\/\/www.oparanews.com.br\/index.php\/wp-json\/wp\/v2\/users\/2"}],"replies":[{"embeddable":true,"href":"https:\/\/www.oparanews.com.br\/index.php\/wp-json\/wp\/v2\/comments?post=29412"}],"version-history":[{"count":1,"href":"https:\/\/www.oparanews.com.br\/index.php\/wp-json\/wp\/v2\/posts\/29412\/revisions"}],"predecessor-version":[{"id":29414,"href":"https:\/\/www.oparanews.com.br\/index.php\/wp-json\/wp\/v2\/posts\/29412\/revisions\/29414"}],"wp:featuredmedia":[{"embeddable":true,"href":"https:\/\/www.oparanews.com.br\/index.php\/wp-json\/wp\/v2\/media\/29413"}],"wp:attachment":[{"href":"https:\/\/www.oparanews.com.br\/index.php\/wp-json\/wp\/v2\/media?parent=29412"}],"wp:term":[{"taxonomy":"category","embeddable":true,"href":"https:\/\/www.oparanews.com.br\/index.php\/wp-json\/wp\/v2\/categories?post=29412"},{"taxonomy":"post_tag","embeddable":true,"href":"https:\/\/www.oparanews.com.br\/index.php\/wp-json\/wp\/v2\/tags?post=29412"}],"curies":[{"name":"wp","href":"https:\/\/api.w.org\/{rel}","templated":true}]}}