{"id":29418,"date":"2023-10-03T10:20:13","date_gmt":"2023-10-03T13:20:13","guid":{"rendered":"https:\/\/www.oparanews.com.br\/?p=29418"},"modified":"2023-10-03T10:20:13","modified_gmt":"2023-10-03T13:20:13","slug":"secretaria-de-saude-de-penedo-inicia-a-campanha-nacional-de-multivacinacao","status":"publish","type":"post","link":"https:\/\/www.oparanews.com.br\/index.php\/2023\/10\/03\/secretaria-de-saude-de-penedo-inicia-a-campanha-nacional-de-multivacinacao\/","title":{"rendered":"Secretaria de Sa\u00fade de Penedo inicia a Campanha Nacional de Multivacina\u00e7\u00e3o"},"content":{"rendered":"<p>A Secretaria Municipal de Sa\u00fade (SEMS) da Prefeitura de Penedo iniciou a Campanha Nacional de Multivacina\u00e7\u00e3o no s\u00e1bado, 30. A a\u00e7\u00e3o tem como objetivo atualizar as cadernetas de vacina\u00e7\u00e3o de crian\u00e7as e adolescentes menores de 15 anos de idade.<\/p>\n<p>&nbsp;<\/p>\n<p>Entre os dias 30 de setembro e 14 de outubro, pais e respons\u00e1veis devem levar crian\u00e7as e adolescentes a um posto de sa\u00fade para verificar quais imuniza\u00e7\u00f5es est\u00e3o atrasadas ou necessitam de refor\u00e7o.<\/p>\n<p>&nbsp;<\/p>\n<p>\u201cDurante a Campanha Nacional de Multivacina\u00e7\u00e3o, todas as vacinas de rotina estar\u00e3o dispon\u00edveis em todas as 20 unidades b\u00e1sicas de sa\u00fade de Penedo. Voc\u00ea que \u00e9 pai ou respons\u00e1vel, observe a caderneta de seu filho ou leve-a ao posto de sa\u00fade mais pr\u00f3ximo. Em Penedo, a sa\u00fade das nossas crian\u00e7as e adolescentes \u00e9 a nossa prioridade. Vacina \u00e9 vida; vacina \u00e9 para todos\u201d, disse a Diretora de Epidemiologia e Imuniza\u00e7\u00e3o da SEMS Penedo, Dhayanna Gabryella de Oliveira.<\/p>\n<p>&nbsp;<\/p>\n<p>A campanha vai oferecer imunizantes como, por exemplo, de poliomielite, meningoc\u00f3cica C conjugada, tr\u00edplice viral (sarampo, caxumba e rub\u00e9ola), febre amarela, pentavalente (difteria, t\u00e9tano, coqueluche, hepatite B e doen\u00e7as causadas por Haemophilus influenzae tipo b), varicela, HPV (para quem tem entre 9 e 14 anos de idade), BCG (tuberculose) e covid-19.<\/p>\n<p>&nbsp;<\/p>\n<p>Cada posto de sa\u00fade realizar\u00e1 o Dia D da Multivacina\u00e7\u00e3o com a\u00e7\u00f5es para conscientiza\u00e7\u00e3o sobre a import\u00e2ncia da imuniza\u00e7\u00e3o. Confira o cronograma:<\/p>\n<p>&nbsp;<\/p>\n<p>CRONOGRAMA \u201cDIA D\u201d<\/p>\n<p>&nbsp;<\/p>\n<p>PSF Marituba: 03\/10<br \/>\nPSF Vila Mathias: 03\/10<br \/>\nPSF Cooperativa: 04\/10<br \/>\nPSF Ponta Mofina: 04\/10<br \/>\nPSF Santo Ant\u00f4nio: 05\/10<br \/>\nPSF Tabuleiro dos Negros: 05\/10<br \/>\nPSF Vit\u00f3ria: 05\/10<br \/>\nPSF Capela: 05\/10<br \/>\nPSF Centro: 05\/10<br \/>\nPSF Raimundinho: 05\/10<br \/>\nPSF Jos\u00e9 Edileno: 06\/10<br \/>\nPSF Rosete Andrade: 09\/10<br \/>\nPSF Sesi: 09\/10<br \/>\nPSF Palmeira Alta: 10\/10<br \/>\nPSF Cohab: 11\/10<br \/>\nPSF Gabriel: 11\/10<br \/>\nPSF Jairo Leite: 11\/10<br \/>\nPSF Santa Margarida: 11\/10<br \/>\nPSF S\u00e3o Jos\u00e9: 11\/10<\/p>\n<p>&nbsp;<\/p>\n<p>&nbsp;<\/p>\n<p>&nbsp;<\/p>\n<p>&nbsp;<\/p>\n<p><strong>por Gabriela Flores \u2013 jornalista e social midia SEMS Penedo<\/strong><\/p>\n<p>&nbsp;<\/p>\n","protected":false},"excerpt":{"rendered":"<p>A Secretaria Municipal de Sa\u00fade (SEMS) da Prefeitura de Penedo iniciou a Campanha Nacional de Multivacina\u00e7\u00e3o no s\u00e1bado, 30. A a\u00e7\u00e3o tem como objetivo atualizar as cadernetas de vacina\u00e7\u00e3o de crian\u00e7as e adolescentes menores de 15 anos de idade. &nbsp; Entre os dias 30 de setembro e 14 de outubro, pais e respons\u00e1veis devem levar &hellip;<\/p>\n","protected":false},"author":2,"featured_media":29419,"comment_status":"open","ping_status":"open","sticky":false,"template":"","format":"standard","meta":{"_jetpack_memberships_contains_paid_content":false,"footnotes":""},"categories":[1,3],"tags":[],"class_list":["post-29418","post","type-post","status-publish","format-standard","has-post-thumbnail","hentry","category-destaque","category-penedo"],"jetpack_featured_media_url":"https:\/\/www.oparanews.com.br\/wp-content\/uploads\/2023\/10\/vacinacao.jpeg","jetpack_sharing_enabled":true,"_links":{"self":[{"href":"https:\/\/www.oparanews.com.br\/index.php\/wp-json\/wp\/v2\/posts\/29418","targetHints":{"allow":["GET"]}}],"collection":[{"href":"https:\/\/www.oparanews.com.br\/index.php\/wp-json\/wp\/v2\/posts"}],"about":[{"href":"https:\/\/www.oparanews.com.br\/index.php\/wp-json\/wp\/v2\/types\/post"}],"author":[{"embeddable":true,"href":"https:\/\/www.oparanews.com.br\/index.php\/wp-json\/wp\/v2\/users\/2"}],"replies":[{"embeddable":true,"href":"https:\/\/www.oparanews.com.br\/index.php\/wp-json\/wp\/v2\/comments?post=29418"}],"version-history":[{"count":1,"href":"https:\/\/www.oparanews.com.br\/index.php\/wp-json\/wp\/v2\/posts\/29418\/revisions"}],"predecessor-version":[{"id":29420,"href":"https:\/\/www.oparanews.com.br\/index.php\/wp-json\/wp\/v2\/posts\/29418\/revisions\/29420"}],"wp:featuredmedia":[{"embeddable":true,"href":"https:\/\/www.oparanews.com.br\/index.php\/wp-json\/wp\/v2\/media\/29419"}],"wp:attachment":[{"href":"https:\/\/www.oparanews.com.br\/index.php\/wp-json\/wp\/v2\/media?parent=29418"}],"wp:term":[{"taxonomy":"category","embeddable":true,"href":"https:\/\/www.oparanews.com.br\/index.php\/wp-json\/wp\/v2\/categories?post=29418"},{"taxonomy":"post_tag","embeddable":true,"href":"https:\/\/www.oparanews.com.br\/index.php\/wp-json\/wp\/v2\/tags?post=29418"}],"curies":[{"name":"wp","href":"https:\/\/api.w.org\/{rel}","templated":true}]}}