{"id":29430,"date":"2023-10-04T08:44:52","date_gmt":"2023-10-04T11:44:52","guid":{"rendered":"https:\/\/www.oparanews.com.br\/?p=29430"},"modified":"2023-10-04T08:44:52","modified_gmt":"2023-10-04T11:44:52","slug":"homem-com-hiv-e-baleado-apos-ter-relacoes-sexuais-com-mulher-sem-preservativo","status":"publish","type":"post","link":"https:\/\/www.oparanews.com.br\/index.php\/2023\/10\/04\/homem-com-hiv-e-baleado-apos-ter-relacoes-sexuais-com-mulher-sem-preservativo\/","title":{"rendered":"Homem com HIV \u00e9 baleado ap\u00f3s ter rela\u00e7\u00f5es sexuais com mulher sem preservativo"},"content":{"rendered":"<p>Um homem de 28 anos que tem o v\u00edrus HIV sofreu uma tentativa de homic\u00eddio por supostamente manter rela\u00e7\u00e3o sexual com uma mulher sem preservativo. O caso foi registrado na ter\u00e7a-feira (3), no Trapiche da Barra, em Macei\u00f3.<\/p>\n<p>&nbsp;<\/p>\n<p>De acordo com a Pol\u00edcia Militar, a v\u00edtima confirmou que tem o v\u00edrus e que fez sexo com uma mulher sem camisinha. Depois de saber que o homem tem o v\u00edrus, o filho da mulher teria efetuado disparos de arma de fogo contra a v\u00edtima.<\/p>\n<p>&nbsp;<\/p>\n<p>Testemunhas contaram que o atirador chegou com um comparsa em uma moto de cor vermelha. Ap\u00f3s os disparos, os dois fugiram.<\/p>\n<p>&nbsp;<\/p>\n<p>A v\u00edtima foi baleada no bra\u00e7o, na coxa e nas costas e foi socorrida pelo Servi\u00e7o de Atendimento M\u00f3vel de Urg\u00eancia (Samu) para o Hospital Geral do Estado (HGE).<\/p>\n<p>&nbsp;<\/p>\n<p>Segundo a pol\u00edcia, o homem responde a um processo por estupro de vulner\u00e1vel. A Pol\u00edcia Civil vai investigar o caso.<\/p>\n<p>&nbsp;<\/p>\n<p>&nbsp;<\/p>\n<p>&nbsp;<\/p>\n<p><strong>Fonte: G1\/AL<\/strong><\/p>\n<p>&nbsp;<\/p>\n","protected":false},"excerpt":{"rendered":"<p>Um homem de 28 anos que tem o v\u00edrus HIV sofreu uma tentativa de homic\u00eddio por supostamente manter rela\u00e7\u00e3o sexual com uma mulher sem preservativo. O caso foi registrado na ter\u00e7a-feira (3), no Trapiche da Barra, em Macei\u00f3. &nbsp; De acordo com a Pol\u00edcia Militar, a v\u00edtima confirmou que tem o v\u00edrus e que fez &hellip;<\/p>\n","protected":false},"author":2,"featured_media":29431,"comment_status":"open","ping_status":"open","sticky":false,"template":"","format":"standard","meta":{"_jetpack_memberships_contains_paid_content":false,"footnotes":""},"categories":[4],"tags":[],"class_list":["post-29430","post","type-post","status-publish","format-standard","has-post-thumbnail","hentry","category-alagoas"],"jetpack_featured_media_url":"https:\/\/www.oparanews.com.br\/wp-content\/uploads\/2023\/10\/hge-fez-16.422-internamentos-nos-ultimos-dez-meses-foto-carla-cleto-3.webp","jetpack_sharing_enabled":true,"_links":{"self":[{"href":"https:\/\/www.oparanews.com.br\/index.php\/wp-json\/wp\/v2\/posts\/29430","targetHints":{"allow":["GET"]}}],"collection":[{"href":"https:\/\/www.oparanews.com.br\/index.php\/wp-json\/wp\/v2\/posts"}],"about":[{"href":"https:\/\/www.oparanews.com.br\/index.php\/wp-json\/wp\/v2\/types\/post"}],"author":[{"embeddable":true,"href":"https:\/\/www.oparanews.com.br\/index.php\/wp-json\/wp\/v2\/users\/2"}],"replies":[{"embeddable":true,"href":"https:\/\/www.oparanews.com.br\/index.php\/wp-json\/wp\/v2\/comments?post=29430"}],"version-history":[{"count":1,"href":"https:\/\/www.oparanews.com.br\/index.php\/wp-json\/wp\/v2\/posts\/29430\/revisions"}],"predecessor-version":[{"id":29432,"href":"https:\/\/www.oparanews.com.br\/index.php\/wp-json\/wp\/v2\/posts\/29430\/revisions\/29432"}],"wp:featuredmedia":[{"embeddable":true,"href":"https:\/\/www.oparanews.com.br\/index.php\/wp-json\/wp\/v2\/media\/29431"}],"wp:attachment":[{"href":"https:\/\/www.oparanews.com.br\/index.php\/wp-json\/wp\/v2\/media?parent=29430"}],"wp:term":[{"taxonomy":"category","embeddable":true,"href":"https:\/\/www.oparanews.com.br\/index.php\/wp-json\/wp\/v2\/categories?post=29430"},{"taxonomy":"post_tag","embeddable":true,"href":"https:\/\/www.oparanews.com.br\/index.php\/wp-json\/wp\/v2\/tags?post=29430"}],"curies":[{"name":"wp","href":"https:\/\/api.w.org\/{rel}","templated":true}]}}