{"id":29433,"date":"2023-10-05T15:02:01","date_gmt":"2023-10-05T18:02:01","guid":{"rendered":"https:\/\/www.oparanews.com.br\/?p=29433"},"modified":"2023-10-05T15:06:41","modified_gmt":"2023-10-05T18:06:41","slug":"a-via-publica-entre-o-colegio-diocesano-de-penedo-e-a-escola-nossa-senhora-de-fatima-tem-apenas-sentido-unico-mudanca-adotada-pela-superintendencia-municipal-de-transportes-e-transito-smtt-para-mel","status":"publish","type":"post","link":"https:\/\/www.oparanews.com.br\/index.php\/2023\/10\/05\/a-via-publica-entre-o-colegio-diocesano-de-penedo-e-a-escola-nossa-senhora-de-fatima-tem-apenas-sentido-unico-mudanca-adotada-pela-superintendencia-municipal-de-transportes-e-transito-smtt-para-mel\/","title":{"rendered":"SMTT Penedo ajusta tr\u00e1fego de ve\u00edculos entre o Col\u00e9gio Diocesano e a Escola Nossa Senhora de F\u00e1tima"},"content":{"rendered":"<p>A via p\u00fablica entre o Col\u00e9gio Diocesano de Penedo e a Escola Nossa Senhora de F\u00e1tima tem apenas sentido \u00fanico, mudan\u00e7a adotada pela Superintend\u00eancia Municipal de Transportes e Tr\u00e2nsito (SMTT) para melhorar o tr\u00e1fego nas imedia\u00e7\u00f5es das duas unidades de ensino.<\/p>\n<p>&nbsp;<\/p>\n<p>A medida adotada nesta quarta-feira, 04, estabelece que a Rua Gerusa Rocha Mota \u00e9 m\u00e3o \u00fanica para quem est\u00e1 vindo da Avenida Get\u00falio Vargas em dire\u00e7\u00e3o \u00e0s escolas e entra na referida via, mantido o \u00fanico sentido at\u00e9 a resid\u00eancia oficial do bispo diocesano de Penedo.<\/p>\n<p>&nbsp;<\/p>\n<p>Al\u00e9m de encerrar a m\u00e3o dupla na rua que tem grande fluxo de carros por causa das escolas, a SMTT proibiu o estacionamento de ve\u00edculos no lado direito da via, trecho devidamente sinalizado com placa e tinta amarela no meio-fio.<\/p>\n<p>&nbsp;<\/p>\n<p>O reordenamento do tr\u00e2nsito propicia ainda as op\u00e7\u00f5es do acesso \u00e0s vilas, para quem precisa seguir em dire\u00e7\u00e3o \u00e0 parte baixa da cidade, e o retorno \u00e0 Pra\u00e7a S\u00e3o Judas Tadeu pela rua localizada entre o Col\u00e9gio Diocesano e um terreno baldio.<\/p>\n<p>&nbsp;<\/p>\n<p>As mudan\u00e7as feitas pela SMTT visam melhorar o fluxo nos dois sentidos da Pra\u00e7a S\u00e3o Judas Tadeu e tamb\u00e9m prev\u00ea ainda permiss\u00e3o para embarque e desembarque de estudantes na Rua Gerusa Mota no hor\u00e1rio entre 7h e 19 horas, de segunda \u00e0 sexta-feira.<\/p>\n<p>&nbsp;<\/p>\n<p>&nbsp;<\/p>\n<p>&nbsp;<\/p>\n<p><strong>Fonte: Secom PMP<\/strong><\/p>\n<p>&nbsp;<\/p>\n","protected":false},"excerpt":{"rendered":"<p>A via p\u00fablica entre o Col\u00e9gio Diocesano de Penedo e a Escola Nossa Senhora de F\u00e1tima tem apenas sentido \u00fanico, mudan\u00e7a adotada pela Superintend\u00eancia Municipal de Transportes e Tr\u00e2nsito (SMTT) para melhorar o tr\u00e1fego nas imedia\u00e7\u00f5es das duas unidades de ensino. &nbsp; A medida adotada nesta quarta-feira, 04, estabelece que a Rua Gerusa Rocha Mota &hellip;<\/p>\n","protected":false},"author":2,"featured_media":29434,"comment_status":"open","ping_status":"open","sticky":false,"template":"","format":"standard","meta":{"_jetpack_memberships_contains_paid_content":false,"footnotes":""},"categories":[1,3],"tags":[],"class_list":["post-29433","post","type-post","status-publish","format-standard","has-post-thumbnail","hentry","category-destaque","category-penedo"],"jetpack_featured_media_url":"https:\/\/www.oparanews.com.br\/wp-content\/uploads\/2023\/10\/smtt-penedo-rua-gerusa-rocha-7.jpeg","jetpack_sharing_enabled":true,"_links":{"self":[{"href":"https:\/\/www.oparanews.com.br\/index.php\/wp-json\/wp\/v2\/posts\/29433","targetHints":{"allow":["GET"]}}],"collection":[{"href":"https:\/\/www.oparanews.com.br\/index.php\/wp-json\/wp\/v2\/posts"}],"about":[{"href":"https:\/\/www.oparanews.com.br\/index.php\/wp-json\/wp\/v2\/types\/post"}],"author":[{"embeddable":true,"href":"https:\/\/www.oparanews.com.br\/index.php\/wp-json\/wp\/v2\/users\/2"}],"replies":[{"embeddable":true,"href":"https:\/\/www.oparanews.com.br\/index.php\/wp-json\/wp\/v2\/comments?post=29433"}],"version-history":[{"count":2,"href":"https:\/\/www.oparanews.com.br\/index.php\/wp-json\/wp\/v2\/posts\/29433\/revisions"}],"predecessor-version":[{"id":29441,"href":"https:\/\/www.oparanews.com.br\/index.php\/wp-json\/wp\/v2\/posts\/29433\/revisions\/29441"}],"wp:featuredmedia":[{"embeddable":true,"href":"https:\/\/www.oparanews.com.br\/index.php\/wp-json\/wp\/v2\/media\/29434"}],"wp:attachment":[{"href":"https:\/\/www.oparanews.com.br\/index.php\/wp-json\/wp\/v2\/media?parent=29433"}],"wp:term":[{"taxonomy":"category","embeddable":true,"href":"https:\/\/www.oparanews.com.br\/index.php\/wp-json\/wp\/v2\/categories?post=29433"},{"taxonomy":"post_tag","embeddable":true,"href":"https:\/\/www.oparanews.com.br\/index.php\/wp-json\/wp\/v2\/tags?post=29433"}],"curies":[{"name":"wp","href":"https:\/\/api.w.org\/{rel}","templated":true}]}}