{"id":29442,"date":"2023-10-06T10:34:20","date_gmt":"2023-10-06T13:34:20","guid":{"rendered":"https:\/\/www.oparanews.com.br\/?p=29442"},"modified":"2023-10-06T10:34:20","modified_gmt":"2023-10-06T13:34:20","slug":"crianca-desaparece-e-familia-diz-que-tio-e-suspeito-de-rapto-policia-faz-buscas-em-penedo","status":"publish","type":"post","link":"https:\/\/www.oparanews.com.br\/index.php\/2023\/10\/06\/crianca-desaparece-e-familia-diz-que-tio-e-suspeito-de-rapto-policia-faz-buscas-em-penedo\/","title":{"rendered":"Crian\u00e7a desaparece, e fam\u00edlia diz que tio \u00e9 suspeito de rapto; pol\u00edcia faz buscas em Penedo"},"content":{"rendered":"<p>Uma menina de 10 anos desapareceu em Penedo, regi\u00e3o do Baixo S\u00e3o Francisco de Alagoas, na noite desta quarta-feira (4). A fam\u00edlia suspeita que um tio tenha levado a crian\u00e7a. Um Boletim de Ocorr\u00eancia foi registrado nesta quinta (5) e a Pol\u00edcia Civil deu in\u00edcio \u00e0s buscas.<\/p>\n<p>&nbsp;<\/p>\n<p>Gennify Rayanny Soares \u00e9 criada pela av\u00f3 desde que tinha um ano de idade. Ela disse \u00e0 pol\u00edcia que a neta estava brincando na porta de casa quando sumiu. A av\u00f3 aponta o tio como suspeito de ter levado a crian\u00e7a porque ele n\u00e3o foi mais visto desde ent\u00e3o e todos os pertences dele tamb\u00e9m sumiram.<\/p>\n<p>&nbsp;<\/p>\n<p>Uma equipe da Delegacia Regional de Penedo deu in\u00edcio \u00e0s buscas na regi\u00e3o na tentativa de localizar Gennify. A procura est\u00e1 sendo feita na regi\u00e3o onde ela mora e tamb\u00e9m em pequenas ilhas, no Rio S\u00e3o Francisco.<\/p>\n<p>&nbsp;<\/p>\n<p>No momento em que a av\u00f3 estava registrando a queixa de desaparecimento, a menina chegou a ligar para seu telefone e pediu ajudam dizendo que estava perdida em uma estrada. Quando a av\u00f3 passou o telefone para o policial, a crian\u00e7a desligou.<\/p>\n<p>&nbsp;<\/p>\n<p>De acordo com o chefe de Opera\u00e7\u00f5es, agente Welber Cardoso, o tio da crian\u00e7a j\u00e1 responde por suspeita de abuso sexual infantil no estado de Sergipe.<\/p>\n<p>&nbsp;<\/p>\n<p>A Pol\u00edcia Civil refor\u00e7a que, caso haja alguma informa\u00e7\u00e3o sobre o paradeiro da menina, as pessoas podem entrar em contato pelo Disque Den\u00fancia 181, atrav\u00e9s de liga\u00e7\u00e3o an\u00f4nima.<\/p>\n<figure id=\"attachment_29443\" aria-describedby=\"caption-attachment-29443\" style=\"width: 1000px\" class=\"wp-caption aligncenter\"><a href=\"http:\/\/www.oparanews.com.br\/wp-content\/uploads\/2023\/10\/whatsapp-image-2023-10-05-at-17.18.56.webp\"><img loading=\"lazy\" decoding=\"async\" class=\"size-full wp-image-29443\" src=\"http:\/\/www.oparanews.com.br\/wp-content\/uploads\/2023\/10\/whatsapp-image-2023-10-05-at-17.18.56.webp\" alt=\"\" width=\"1000\" height=\"449\" srcset=\"https:\/\/www.oparanews.com.br\/wp-content\/uploads\/2023\/10\/whatsapp-image-2023-10-05-at-17.18.56.webp 1000w, https:\/\/www.oparanews.com.br\/wp-content\/uploads\/2023\/10\/whatsapp-image-2023-10-05-at-17.18.56-300x135.webp 300w, https:\/\/www.oparanews.com.br\/wp-content\/uploads\/2023\/10\/whatsapp-image-2023-10-05-at-17.18.56-768x345.webp 768w\" sizes=\"auto, (max-width: 1000px) 100vw, 1000px\" \/><\/a><figcaption id=\"caption-attachment-29443\" class=\"wp-caption-text\">Ascom PC<\/figcaption><\/figure>\n<p>&nbsp;<\/p>\n<p>&nbsp;<\/p>\n<p>&nbsp;<\/p>\n<p><strong>Fonte: G1\/AL<\/strong><\/p>\n<p>&nbsp;<\/p>\n","protected":false},"excerpt":{"rendered":"<p>Uma menina de 10 anos desapareceu em Penedo, regi\u00e3o do Baixo S\u00e3o Francisco de Alagoas, na noite desta quarta-feira (4). A fam\u00edlia suspeita que um tio tenha levado a crian\u00e7a. Um Boletim de Ocorr\u00eancia foi registrado nesta quinta (5) e a Pol\u00edcia Civil deu in\u00edcio \u00e0s buscas. &nbsp; Gennify Rayanny Soares \u00e9 criada pela av\u00f3 &hellip;<\/p>\n","protected":false},"author":2,"featured_media":29444,"comment_status":"open","ping_status":"open","sticky":false,"template":"","format":"standard","meta":{"_jetpack_memberships_contains_paid_content":false,"footnotes":""},"categories":[1,3],"tags":[],"class_list":["post-29442","post","type-post","status-publish","format-standard","has-post-thumbnail","hentry","category-destaque","category-penedo"],"jetpack_featured_media_url":"https:\/\/www.oparanews.com.br\/wp-content\/uploads\/2023\/10\/gennify-rayanny-soares.webp","jetpack_sharing_enabled":true,"_links":{"self":[{"href":"https:\/\/www.oparanews.com.br\/index.php\/wp-json\/wp\/v2\/posts\/29442","targetHints":{"allow":["GET"]}}],"collection":[{"href":"https:\/\/www.oparanews.com.br\/index.php\/wp-json\/wp\/v2\/posts"}],"about":[{"href":"https:\/\/www.oparanews.com.br\/index.php\/wp-json\/wp\/v2\/types\/post"}],"author":[{"embeddable":true,"href":"https:\/\/www.oparanews.com.br\/index.php\/wp-json\/wp\/v2\/users\/2"}],"replies":[{"embeddable":true,"href":"https:\/\/www.oparanews.com.br\/index.php\/wp-json\/wp\/v2\/comments?post=29442"}],"version-history":[{"count":1,"href":"https:\/\/www.oparanews.com.br\/index.php\/wp-json\/wp\/v2\/posts\/29442\/revisions"}],"predecessor-version":[{"id":29445,"href":"https:\/\/www.oparanews.com.br\/index.php\/wp-json\/wp\/v2\/posts\/29442\/revisions\/29445"}],"wp:featuredmedia":[{"embeddable":true,"href":"https:\/\/www.oparanews.com.br\/index.php\/wp-json\/wp\/v2\/media\/29444"}],"wp:attachment":[{"href":"https:\/\/www.oparanews.com.br\/index.php\/wp-json\/wp\/v2\/media?parent=29442"}],"wp:term":[{"taxonomy":"category","embeddable":true,"href":"https:\/\/www.oparanews.com.br\/index.php\/wp-json\/wp\/v2\/categories?post=29442"},{"taxonomy":"post_tag","embeddable":true,"href":"https:\/\/www.oparanews.com.br\/index.php\/wp-json\/wp\/v2\/tags?post=29442"}],"curies":[{"name":"wp","href":"https:\/\/api.w.org\/{rel}","templated":true}]}}