{"id":29510,"date":"2023-10-13T14:56:59","date_gmt":"2023-10-13T17:56:59","guid":{"rendered":"https:\/\/www.oparanews.com.br\/?p=29510"},"modified":"2023-10-13T14:56:59","modified_gmt":"2023-10-13T17:56:59","slug":"escolas-estaduais-apresentam-60-projetos-cientificos-em-penedo-e-porto-calvo","status":"publish","type":"post","link":"https:\/\/www.oparanews.com.br\/index.php\/2023\/10\/13\/escolas-estaduais-apresentam-60-projetos-cientificos-em-penedo-e-porto-calvo\/","title":{"rendered":"Escolas estaduais apresentam 60 projetos cient\u00edficos em Penedo e Porto Calvo"},"content":{"rendered":"<p>Sessenta projetos cient\u00edficos ser\u00e3o apresentados por estudantes de escolas da rede estadual de ensino durante a Mostra Cient\u00edfica Estadual de Criatividade, Pesquisa, Inova\u00e7\u00e3o e Tecnologia na Educa\u00e7\u00e3o, a qual ocorre nos pr\u00f3ximos dias 17 e 19 em Penedo e Porto Calvo. A a\u00e7\u00e3o, que visa fomentar a pr\u00e1tica cient\u00edfica entre estudantes do ensino m\u00e9dio, integra a programa\u00e7\u00e3o da Secretaria de Estado da Educa\u00e7\u00e3o (Seduc) na Semana Nacional de Ci\u00eancia e Tecnologia (SNCT).<\/p>\n<p>&nbsp;<\/p>\n<p>O evento conta com o apoio do Conselho Nacional de Desenvolvimento Cient\u00edfico e Tecnol\u00f3gico (CNPq) e o Minist\u00e9rio da Ci\u00eancia e Tecnologia (MCTI) e ser\u00e1 realizado no dia 17, em Penedo, no Gin\u00e1sio Padre Manuel Vieira, e no dia 19, em Porto Calvo, na Escola Estadual Nossa Senhora da Apresenta\u00e7\u00e3o. Em ambos os casos, as apresenta\u00e7\u00f5es ocorrem das 8h \u00e0s 17h.<\/p>\n<p>&nbsp;<\/p>\n<p>\u201cTeremos trabalhos nas \u00e1reas de ci\u00eancias biol\u00f3gicas, ci\u00eancias exatas e da terra, engenharia, com programa\u00e7\u00e3o e rob\u00f3tica, e ci\u00eancias humanas. O tema ser\u00e1 o mesmo na Semana Nacional, voltado \u00e0s ci\u00eancias b\u00e1sicas e ao desenvolvimento sustent\u00e1vel. Assim como j\u00e1 vimos no Encontro Estudantil, esta ser\u00e1 mais uma oportunidade de expormos a\u00e7\u00f5es de inicia\u00e7\u00e3o cient\u00edfica de nossas escolas. Vale destacar ainda que os projetos vencedores ganhar\u00e3o credenciamento para a Febrace-USP, a maior feira cient\u00edfica do pa\u00eds\u201d, explica o superintendente de Desenvolvimento do Ensino M\u00e9dio, Ricardo Lisboa.<\/p>\n<p>&nbsp;<\/p>\n<p><strong>Escolas participantes<\/strong><\/p>\n<p>&nbsp;<\/p>\n<p>Na Mostra da 9\u00aa Ger\u00eancia Especial de Educa\u00e7\u00e3o (GEE), em Penedo, apresentar\u00e3o trabalhos as escolas estaduais Professor Ernani M\u00e9ro, Dr. Alcides de Andrade, Comendador Jos\u00e9 da Silva Peixoto, Professor Jo\u00e3o Valeriano de Oliveira e Gabino Besouro, de Penedo; Correia Titara, de Pia\u00e7abu\u00e7u; An\u00e1lia Ten\u00f3rio, de Olho d\u00b4\u00c1gua Grande e Firmo de Castro e Ind\u00edgena Francisco Queiroz Su\u00edra, de Porto Real do Col\u00e9gio.<\/p>\n<p>&nbsp;<\/p>\n<p>J\u00e1 em Porto Calvo estar\u00e3o presentes as escolas estaduais Nossa Senhora da Apresenta\u00e7\u00e3o e Guedes de Miranda, de Porto Calvo; Margarida Pugliesi, de S\u00e3o Luiz do Quitunde; Ciridi\u00e3o Durval, de Porto de Pedras; Sebasti\u00e3o Felisberto de Carvalho, da Barra de Santo Ant\u00f4nio; Delmo Ferreira da Silva, de Jundi\u00e1; Francisco Falc\u00e3o, de S\u00e3o Miguel dos Milagres; Maria Ant\u00f4nia de Oliveira Santos, de Matriz de Camaragibe; Ambr\u00f3sio Lira, de Passo do Camaragibe; Jos\u00e9 Ribeiro Caminha, de Campestre e Dom Eliseu de Oliveira, de Japaratinga.<\/p>\n<p>&nbsp;<\/p>\n<p>&nbsp;<\/p>\n<p>&nbsp;<\/p>\n<p>&nbsp;<\/p>\n<p><strong>por V\u00edtor Manoel (Sob Supervis\u00e3o)\/Ascom Seduc<\/strong><\/p>\n<p>&nbsp;<\/p>\n","protected":false},"excerpt":{"rendered":"<p>Sessenta projetos cient\u00edficos ser\u00e3o apresentados por estudantes de escolas da rede estadual de ensino durante a Mostra Cient\u00edfica Estadual de Criatividade, Pesquisa, Inova\u00e7\u00e3o e Tecnologia na Educa\u00e7\u00e3o, a qual ocorre nos pr\u00f3ximos dias 17 e 19 em Penedo e Porto Calvo. A a\u00e7\u00e3o, que visa fomentar a pr\u00e1tica cient\u00edfica entre estudantes do ensino m\u00e9dio, integra &hellip;<\/p>\n","protected":false},"author":2,"featured_media":29511,"comment_status":"open","ping_status":"open","sticky":false,"template":"","format":"standard","meta":{"_jetpack_memberships_contains_paid_content":false,"footnotes":""},"categories":[4,1,3],"tags":[],"class_list":["post-29510","post","type-post","status-publish","format-standard","has-post-thumbnail","hentry","category-alagoas","category-destaque","category-penedo"],"jetpack_featured_media_url":"https:\/\/www.oparanews.com.br\/wp-content\/uploads\/2023\/10\/escolas-estaduais-apresentam-60-projetos-cientificos-em-penedo-e-porto-calvo-scaled.jpg","jetpack_sharing_enabled":true,"_links":{"self":[{"href":"https:\/\/www.oparanews.com.br\/index.php\/wp-json\/wp\/v2\/posts\/29510","targetHints":{"allow":["GET"]}}],"collection":[{"href":"https:\/\/www.oparanews.com.br\/index.php\/wp-json\/wp\/v2\/posts"}],"about":[{"href":"https:\/\/www.oparanews.com.br\/index.php\/wp-json\/wp\/v2\/types\/post"}],"author":[{"embeddable":true,"href":"https:\/\/www.oparanews.com.br\/index.php\/wp-json\/wp\/v2\/users\/2"}],"replies":[{"embeddable":true,"href":"https:\/\/www.oparanews.com.br\/index.php\/wp-json\/wp\/v2\/comments?post=29510"}],"version-history":[{"count":1,"href":"https:\/\/www.oparanews.com.br\/index.php\/wp-json\/wp\/v2\/posts\/29510\/revisions"}],"predecessor-version":[{"id":29512,"href":"https:\/\/www.oparanews.com.br\/index.php\/wp-json\/wp\/v2\/posts\/29510\/revisions\/29512"}],"wp:featuredmedia":[{"embeddable":true,"href":"https:\/\/www.oparanews.com.br\/index.php\/wp-json\/wp\/v2\/media\/29511"}],"wp:attachment":[{"href":"https:\/\/www.oparanews.com.br\/index.php\/wp-json\/wp\/v2\/media?parent=29510"}],"wp:term":[{"taxonomy":"category","embeddable":true,"href":"https:\/\/www.oparanews.com.br\/index.php\/wp-json\/wp\/v2\/categories?post=29510"},{"taxonomy":"post_tag","embeddable":true,"href":"https:\/\/www.oparanews.com.br\/index.php\/wp-json\/wp\/v2\/tags?post=29510"}],"curies":[{"name":"wp","href":"https:\/\/api.w.org\/{rel}","templated":true}]}}