{"id":2954,"date":"2020-01-13T14:28:40","date_gmt":"2020-01-13T14:28:40","guid":{"rendered":"https:\/\/oparanews.com.br\/?p=2954"},"modified":"2020-01-13T14:28:40","modified_gmt":"2020-01-13T14:28:40","slug":"alexandre-frota-detona-filho-de-bolsonaro","status":"publish","type":"post","link":"https:\/\/www.oparanews.com.br\/index.php\/2020\/01\/13\/alexandre-frota-detona-filho-de-bolsonaro\/","title":{"rendered":"Alexandre Frota detona filho de Bolsonaro"},"content":{"rendered":"<p>Alexandre Frota voltou a criticar o cl\u00e3 Bolsonaro no Twitter. Desta vez, o alvo foi Eduardo Bolsonaro (PSL), deputado federal e filho do presidente da Rep\u00fablica, Jair Bolsonaro (sem partido), que criticou a atua\u00e7\u00e3o da imprensa sobre as queimadas na Austr\u00e1lia.<\/p>\n<p>No fim de semana, o deputado federal por S\u00e3o Paulo publicou um print de Eduardo criticando a falta de divulga\u00e7\u00e3o sobre o que ocorre no pa\u00eds da Oceania. \u201cQuase meio bilh\u00e3o de animais mortos no fogo da Austr\u00e1lia e n\u00e3o tem famoso protestando, a imprensa finge que nada acontece\u201d, disse o filho do presidente, que continuou.<\/p>\n<p>\u201cOrganiza\u00e7\u00f5es como a WWF Brasil (1 post) e o Instituto Chico Mendes quase nada ou nada falam, a pirralha maluca [Greta Thunberg] tamb\u00e9m sumiu. Curioso, n\u00e9?\u201d, escreveu o parlamentar.<\/p>\n<p>Frota, ent\u00e3o, o ironizou. \u201cMeio bilh\u00e3o de animais mortos? E Leonardo DiCaprio n\u00e3o \u00e9 famoso? As r\u00e1dios, TVs, sites todos est\u00e3o falando sim e muito. Voc\u00ea n\u00e3o sabe de nada porque est\u00e1 tentando pegar onda em Oahu. Embaixador\u201d, disparou.<\/p>\n<p>Os seguidores se dividiram quanto a cr\u00edtica. \u201cO desastre ecol\u00f3gico na Austr\u00e1lia e um dos assuntos mais noticiados aqui na Europa, a\u00ed vem um imbecil falar um neg\u00f3cio desse\u201d, afirmou um internauta, concordando com o deputado.<\/p>\n<p>\u201c\u00c9 que o idiota ficou sabendo agora\u201d, disse outro seguidor. \u201cBurro, imbecil e analfabeto. Fam\u00edlia Bozo \u00e9 vergonha nacional\u201d, concordou mais um no perfil de Frota.<\/p>\n<p>&nbsp;<\/p>\n<p><strong>por Jo\u00e3o Amaro\/RD1<\/strong><\/p>\n<p>&nbsp;<\/p>\n","protected":false},"excerpt":{"rendered":"<p>Alexandre Frota voltou a criticar o cl\u00e3 Bolsonaro no Twitter. Desta vez, o alvo foi Eduardo Bolsonaro (PSL), deputado federal e filho do presidente da Rep\u00fablica, Jair Bolsonaro (sem partido), que criticou a atua\u00e7\u00e3o da imprensa sobre as queimadas na Austr\u00e1lia. No fim de semana, o deputado federal por S\u00e3o Paulo publicou um print de &hellip;<\/p>\n","protected":false},"author":1,"featured_media":2955,"comment_status":"open","ping_status":"open","sticky":false,"template":"","format":"standard","meta":{"_jetpack_memberships_contains_paid_content":false,"footnotes":""},"categories":[1],"tags":[],"class_list":["post-2954","post","type-post","status-publish","format-standard","has-post-thumbnail","hentry","category-destaque"],"jetpack_featured_media_url":"","jetpack_sharing_enabled":true,"_links":{"self":[{"href":"https:\/\/www.oparanews.com.br\/index.php\/wp-json\/wp\/v2\/posts\/2954","targetHints":{"allow":["GET"]}}],"collection":[{"href":"https:\/\/www.oparanews.com.br\/index.php\/wp-json\/wp\/v2\/posts"}],"about":[{"href":"https:\/\/www.oparanews.com.br\/index.php\/wp-json\/wp\/v2\/types\/post"}],"author":[{"embeddable":true,"href":"https:\/\/www.oparanews.com.br\/index.php\/wp-json\/wp\/v2\/users\/1"}],"replies":[{"embeddable":true,"href":"https:\/\/www.oparanews.com.br\/index.php\/wp-json\/wp\/v2\/comments?post=2954"}],"version-history":[{"count":0,"href":"https:\/\/www.oparanews.com.br\/index.php\/wp-json\/wp\/v2\/posts\/2954\/revisions"}],"wp:featuredmedia":[{"embeddable":true,"href":"https:\/\/www.oparanews.com.br\/index.php\/wp-json\/"}],"wp:attachment":[{"href":"https:\/\/www.oparanews.com.br\/index.php\/wp-json\/wp\/v2\/media?parent=2954"}],"wp:term":[{"taxonomy":"category","embeddable":true,"href":"https:\/\/www.oparanews.com.br\/index.php\/wp-json\/wp\/v2\/categories?post=2954"},{"taxonomy":"post_tag","embeddable":true,"href":"https:\/\/www.oparanews.com.br\/index.php\/wp-json\/wp\/v2\/tags?post=2954"}],"curies":[{"name":"wp","href":"https:\/\/api.w.org\/{rel}","templated":true}]}}