{"id":29541,"date":"2023-10-16T23:04:31","date_gmt":"2023-10-17T02:04:31","guid":{"rendered":"https:\/\/www.oparanews.com.br\/?p=29541"},"modified":"2023-10-16T23:04:31","modified_gmt":"2023-10-17T02:04:31","slug":"ronaldo-lopes-empossa-servidores-aprovados-no-concurso-da-prefeitura-de-penedo","status":"publish","type":"post","link":"https:\/\/www.oparanews.com.br\/index.php\/2023\/10\/16\/ronaldo-lopes-empossa-servidores-aprovados-no-concurso-da-prefeitura-de-penedo\/","title":{"rendered":"Ronaldo Lopes empossa servidores aprovados no concurso da Prefeitura de Penedo"},"content":{"rendered":"<p>A administra\u00e7\u00e3o p\u00fablica do munic\u00edpio de Penedo ganhou nesta segunda-feira, 16, mais 96 servidores efetivos, todos empossados pelo Prefeito Ronaldo Lopes durante solenidade realizada no Theatro Sete de Setembro.<\/p>\n<p>&nbsp;<\/p>\n<p>Passados mais de treze anos sem a realiza\u00e7\u00e3o de concurso pela Prefeitura de Penedo, o ingresso no servi\u00e7o p\u00fablico refor\u00e7a o trabalho direcionado para a popula\u00e7\u00e3o que tamb\u00e9m est\u00e1 sendo qualificada, por meio de cursos profissionalizantes gratuitos.<\/p>\n<p>&nbsp;<\/p>\n<p>\u201cVoc\u00eas v\u00e3o fazer parte, junto com os funcion\u00e1rios j\u00e1 existentes, de um grupo que trabalha para desenvolver a nossa cidade nas mais diversas \u00e1reas. Voc\u00eas chegam para oxigenar o nosso funcionalismo p\u00fablico, com novas ideias, novas formas de trabalho e, \u00e9 l\u00f3gico, que v\u00e3o adquirir tamb\u00e9m experi\u00eancia com os funcion\u00e1rios que j\u00e1 fazem parte do nosso quadro\u201d, pontuou Ronaldo Lopes.<\/p>\n<p>&nbsp;<\/p>\n<p>O Prefeito de Penedo destacou o apoio dos familiares dos aprovados e o m\u00e9rito de cada um na conquista da vaga durante seu pronunciamento de boas-vindas.<\/p>\n<p><a href=\"http:\/\/www.oparanews.com.br\/wp-content\/uploads\/2023\/10\/posse-servidores-concursados-prefeitura-penedo-2023-144-1068x712-1.jpeg\"><img loading=\"lazy\" decoding=\"async\" class=\"aligncenter size-full wp-image-29543\" src=\"http:\/\/www.oparanews.com.br\/wp-content\/uploads\/2023\/10\/posse-servidores-concursados-prefeitura-penedo-2023-144-1068x712-1.jpeg\" alt=\"\" width=\"1068\" height=\"712\" srcset=\"https:\/\/www.oparanews.com.br\/wp-content\/uploads\/2023\/10\/posse-servidores-concursados-prefeitura-penedo-2023-144-1068x712-1.jpeg 1068w, https:\/\/www.oparanews.com.br\/wp-content\/uploads\/2023\/10\/posse-servidores-concursados-prefeitura-penedo-2023-144-1068x712-1-300x200.jpeg 300w, https:\/\/www.oparanews.com.br\/wp-content\/uploads\/2023\/10\/posse-servidores-concursados-prefeitura-penedo-2023-144-1068x712-1-1024x683.jpeg 1024w, https:\/\/www.oparanews.com.br\/wp-content\/uploads\/2023\/10\/posse-servidores-concursados-prefeitura-penedo-2023-144-1068x712-1-768x512.jpeg 768w\" sizes=\"auto, (max-width: 1068px) 100vw, 1068px\" \/><\/a><\/p>\n<p>\u201cQuero dizer da minha felicidade de estar como prefeito no momento em que voc\u00eas ingressam no servi\u00e7o p\u00fablico de Penedo, com essa vontade de contribuir para que a nossa cidade melhore cada vez mais, para que a vida do nosso povo melhore cada vez mais. N\u00f3s temos essa responsabilidade e \u00e9 importante que cada um fa\u00e7a sua parte\u201d, afirmou Ronaldo Lopes.<\/p>\n<p>&nbsp;<\/p>\n<p>Representando a C\u00e2mara Municipal de Penedo, o presidente Manoel Messias Lima (Messias da Fil\u00f3), falou de sua trajet\u00f3ria ao longo de 34 anos como servidor p\u00fablico \u2013 a maior parte do tempo na Embrapa -, enaltecendo a miss\u00e3o principal de atender a popula\u00e7\u00e3o, especialmente quem mais precisa das a\u00e7\u00f5es do poder p\u00fablico.<\/p>\n<p>&nbsp;<\/p>\n<p>Ana Carla Lima, presidente do Sindicato dos Servidores P\u00fablicos Municipais de Penedo (Sindspem), tamb\u00e9m recepcionou os colegas de trabalho, fazendo o convite para que se filiem \u00e0 entidade que os representa, destacando as parcerias que o sindicato tem para beneficiar os associados.<\/p>\n<p>&nbsp;<\/p>\n<p>A mesa de honra da solenidade foi formada ainda por Jo\u00e3o Lucas (Vice-Prefeito), Gustavo Alencar (SEPLAG Penedo), Irm\u00e3o Jo\u00e3o (SEMARH Penedo), Guilherme Lopes (Sesau Alagoas), a vereadora Raquel Tavares e os vereadores Bili Marques, Ernande Pinheiro e Denys Reis.<\/p>\n<p>&nbsp;<\/p>\n<p>&nbsp;<\/p>\n<p>&nbsp;<\/p>\n<p><strong>Fonte: Secom PMP<\/strong><\/p>\n<p>&nbsp;<\/p>\n","protected":false},"excerpt":{"rendered":"<p>A administra\u00e7\u00e3o p\u00fablica do munic\u00edpio de Penedo ganhou nesta segunda-feira, 16, mais 96 servidores efetivos, todos empossados pelo Prefeito Ronaldo Lopes durante solenidade realizada no Theatro Sete de Setembro. &nbsp; Passados mais de treze anos sem a realiza\u00e7\u00e3o de concurso pela Prefeitura de Penedo, o ingresso no servi\u00e7o p\u00fablico refor\u00e7a o trabalho direcionado para a &hellip;<\/p>\n","protected":false},"author":2,"featured_media":29542,"comment_status":"open","ping_status":"open","sticky":false,"template":"","format":"standard","meta":{"_jetpack_memberships_contains_paid_content":false,"footnotes":""},"categories":[1,3],"tags":[],"class_list":["post-29541","post","type-post","status-publish","format-standard","has-post-thumbnail","hentry","category-destaque","category-penedo"],"jetpack_featured_media_url":"https:\/\/www.oparanews.com.br\/wp-content\/uploads\/2023\/10\/posse-servidores-concursados-prefeitura-penedo-2023.jpeg","jetpack_sharing_enabled":true,"_links":{"self":[{"href":"https:\/\/www.oparanews.com.br\/index.php\/wp-json\/wp\/v2\/posts\/29541","targetHints":{"allow":["GET"]}}],"collection":[{"href":"https:\/\/www.oparanews.com.br\/index.php\/wp-json\/wp\/v2\/posts"}],"about":[{"href":"https:\/\/www.oparanews.com.br\/index.php\/wp-json\/wp\/v2\/types\/post"}],"author":[{"embeddable":true,"href":"https:\/\/www.oparanews.com.br\/index.php\/wp-json\/wp\/v2\/users\/2"}],"replies":[{"embeddable":true,"href":"https:\/\/www.oparanews.com.br\/index.php\/wp-json\/wp\/v2\/comments?post=29541"}],"version-history":[{"count":1,"href":"https:\/\/www.oparanews.com.br\/index.php\/wp-json\/wp\/v2\/posts\/29541\/revisions"}],"predecessor-version":[{"id":29544,"href":"https:\/\/www.oparanews.com.br\/index.php\/wp-json\/wp\/v2\/posts\/29541\/revisions\/29544"}],"wp:featuredmedia":[{"embeddable":true,"href":"https:\/\/www.oparanews.com.br\/index.php\/wp-json\/wp\/v2\/media\/29542"}],"wp:attachment":[{"href":"https:\/\/www.oparanews.com.br\/index.php\/wp-json\/wp\/v2\/media?parent=29541"}],"wp:term":[{"taxonomy":"category","embeddable":true,"href":"https:\/\/www.oparanews.com.br\/index.php\/wp-json\/wp\/v2\/categories?post=29541"},{"taxonomy":"post_tag","embeddable":true,"href":"https:\/\/www.oparanews.com.br\/index.php\/wp-json\/wp\/v2\/tags?post=29541"}],"curies":[{"name":"wp","href":"https:\/\/api.w.org\/{rel}","templated":true}]}}