{"id":29562,"date":"2023-10-18T17:14:59","date_gmt":"2023-10-18T20:14:59","guid":{"rendered":"https:\/\/www.oparanews.com.br\/?p=29562"},"modified":"2023-10-18T17:14:59","modified_gmt":"2023-10-18T20:14:59","slug":"penedo-sedia-encontro-dos-conselhos-municipais-de-educacao-de-alagoas","status":"publish","type":"post","link":"https:\/\/www.oparanews.com.br\/index.php\/2023\/10\/18\/penedo-sedia-encontro-dos-conselhos-municipais-de-educacao-de-alagoas\/","title":{"rendered":"Penedo sedia encontro dos Conselhos Municipais de Educa\u00e7\u00e3o de Alagoas"},"content":{"rendered":"<p>Penedo se prepara para sediar o aguardado Encontro Estadual da Uni\u00e3o dos Conselhos Municipais de Educa\u00e7\u00e3o (UNCME), que ter\u00e1 in\u00edcio na pr\u00f3xima segunda-feira, dia 23. O evento representa um marco significativo para a educa\u00e7\u00e3o local, gra\u00e7as \u00e0 Prefeitura de Penedo e \u00e0 Secretaria Municipal de Educa\u00e7\u00e3o (Semed).<\/p>\n<p>&nbsp;<\/p>\n<p>O Centro de Conven\u00e7\u00f5es e Eventos Comendador Zeca Peixoto, anteriormente conhecido como Cinema S\u00e3o Francisco, ser\u00e1 o palco dessa reuni\u00e3o de dois dias.<\/p>\n<p>&nbsp;<\/p>\n<p>O principal objetivo do encontro \u00e9 fomentar o di\u00e1logo e alinhar a\u00e7\u00f5es interinstitucionais, com \u00eanfase na promo\u00e7\u00e3o do planejamento e na execu\u00e7\u00e3o das pol\u00edticas p\u00fablicas delineadas nos planos nacional, estadual e municipais de Educa\u00e7\u00e3o.<\/p>\n<p>&nbsp;<\/p>\n<p>A UNCME Alagoas, por meio deste encontro, desempenha um papel crucial na melhoria das pol\u00edticas educacionais e no fortalecimento dos mecanismos de participa\u00e7\u00e3o social na tomada de decis\u00f5es relacionadas \u00e0 \u00e1rea da educa\u00e7\u00e3o.<\/p>\n<p>&nbsp;<\/p>\n<p><a href=\"https:\/\/penedo.al.gov.br\/wp-content\/uploads\/2023\/10\/CLICK-AQUI-E-VEJA-A-PROGRAMACAO.pdf\"><strong>CLICK AQUI E VEJA A PROGRAMA\u00c7\u00c3O<\/strong><\/a><\/p>\n<p>&nbsp;<\/p>\n<p>&nbsp;<\/p>\n<p>&nbsp;<\/p>\n<p><strong>Fonte: Secom PMP<\/strong><\/p>\n<p>&nbsp;<\/p>\n","protected":false},"excerpt":{"rendered":"<p>Penedo se prepara para sediar o aguardado Encontro Estadual da Uni\u00e3o dos Conselhos Municipais de Educa\u00e7\u00e3o (UNCME), que ter\u00e1 in\u00edcio na pr\u00f3xima segunda-feira, dia 23. O evento representa um marco significativo para a educa\u00e7\u00e3o local, gra\u00e7as \u00e0 Prefeitura de Penedo e \u00e0 Secretaria Municipal de Educa\u00e7\u00e3o (Semed). &nbsp; O Centro de Conven\u00e7\u00f5es e Eventos Comendador &hellip;<\/p>\n","protected":false},"author":2,"featured_media":29563,"comment_status":"open","ping_status":"open","sticky":false,"template":"","format":"standard","meta":{"_jetpack_memberships_contains_paid_content":false,"footnotes":""},"categories":[1,3],"tags":[],"class_list":["post-29562","post","type-post","status-publish","format-standard","has-post-thumbnail","hentry","category-destaque","category-penedo"],"jetpack_featured_media_url":"https:\/\/www.oparanews.com.br\/wp-content\/uploads\/2023\/10\/conselhos-estaduais.jpg","jetpack_sharing_enabled":true,"_links":{"self":[{"href":"https:\/\/www.oparanews.com.br\/index.php\/wp-json\/wp\/v2\/posts\/29562","targetHints":{"allow":["GET"]}}],"collection":[{"href":"https:\/\/www.oparanews.com.br\/index.php\/wp-json\/wp\/v2\/posts"}],"about":[{"href":"https:\/\/www.oparanews.com.br\/index.php\/wp-json\/wp\/v2\/types\/post"}],"author":[{"embeddable":true,"href":"https:\/\/www.oparanews.com.br\/index.php\/wp-json\/wp\/v2\/users\/2"}],"replies":[{"embeddable":true,"href":"https:\/\/www.oparanews.com.br\/index.php\/wp-json\/wp\/v2\/comments?post=29562"}],"version-history":[{"count":1,"href":"https:\/\/www.oparanews.com.br\/index.php\/wp-json\/wp\/v2\/posts\/29562\/revisions"}],"predecessor-version":[{"id":29564,"href":"https:\/\/www.oparanews.com.br\/index.php\/wp-json\/wp\/v2\/posts\/29562\/revisions\/29564"}],"wp:featuredmedia":[{"embeddable":true,"href":"https:\/\/www.oparanews.com.br\/index.php\/wp-json\/wp\/v2\/media\/29563"}],"wp:attachment":[{"href":"https:\/\/www.oparanews.com.br\/index.php\/wp-json\/wp\/v2\/media?parent=29562"}],"wp:term":[{"taxonomy":"category","embeddable":true,"href":"https:\/\/www.oparanews.com.br\/index.php\/wp-json\/wp\/v2\/categories?post=29562"},{"taxonomy":"post_tag","embeddable":true,"href":"https:\/\/www.oparanews.com.br\/index.php\/wp-json\/wp\/v2\/tags?post=29562"}],"curies":[{"name":"wp","href":"https:\/\/api.w.org\/{rel}","templated":true}]}}