{"id":29568,"date":"2023-10-19T16:22:10","date_gmt":"2023-10-19T19:22:10","guid":{"rendered":"https:\/\/www.oparanews.com.br\/?p=29568"},"modified":"2023-10-19T16:22:10","modified_gmt":"2023-10-19T19:22:10","slug":"show-de-geraldo-azevedo-encerra-segundo-dia-do-festival-de-musica-de-penedo","status":"publish","type":"post","link":"https:\/\/www.oparanews.com.br\/index.php\/2023\/10\/19\/show-de-geraldo-azevedo-encerra-segundo-dia-do-festival-de-musica-de-penedo\/","title":{"rendered":"Show de Geraldo Azevedo encerra segundo dia do Festival de M\u00fasica de Penedo"},"content":{"rendered":"<p>O segundo dia do Festival de M\u00fasica de Penedo (Femupe) foi conclu\u00eddo com show do cantor e compositor pernambucano Geraldo Azevedo. O artista interpretou seus maiores sucessos no palco instalado no Largo S\u00e3o Gon\u00e7alo na noite desta quarta-feira, 18.<\/p>\n<p>&nbsp;<\/p>\n<p>Durante cerca de uma hora e meia, ele presenteou o p\u00fablico com seu talento ao viol\u00e3o, sendo surpreendido em seu retorno \u00e0 cidade onde se apresentou em novembro de 2021, no Theatro Sete de Setembro.<\/p>\n<p><a href=\"http:\/\/www.oparanews.com.br\/wp-content\/uploads\/2023\/10\/show-geraldo-azevedo-femupe-2023-3.jpeg\"><img loading=\"lazy\" decoding=\"async\" class=\"aligncenter size-full wp-image-29570\" src=\"http:\/\/www.oparanews.com.br\/wp-content\/uploads\/2023\/10\/show-geraldo-azevedo-femupe-2023-3.jpeg\" alt=\"\" width=\"1600\" height=\"1066\" srcset=\"https:\/\/www.oparanews.com.br\/wp-content\/uploads\/2023\/10\/show-geraldo-azevedo-femupe-2023-3.jpeg 1600w, https:\/\/www.oparanews.com.br\/wp-content\/uploads\/2023\/10\/show-geraldo-azevedo-femupe-2023-3-300x200.jpeg 300w, https:\/\/www.oparanews.com.br\/wp-content\/uploads\/2023\/10\/show-geraldo-azevedo-femupe-2023-3-1024x682.jpeg 1024w, https:\/\/www.oparanews.com.br\/wp-content\/uploads\/2023\/10\/show-geraldo-azevedo-femupe-2023-3-768x512.jpeg 768w, https:\/\/www.oparanews.com.br\/wp-content\/uploads\/2023\/10\/show-geraldo-azevedo-femupe-2023-3-1536x1023.jpeg 1536w\" sizes=\"auto, (max-width: 1600px) 100vw, 1600px\" \/><\/a><\/p>\n<p>Antes do merecido descanso, Geraldo Azevedo foi recebido pelo maestro Mozart Vieira, respons\u00e1vel pela Orquestra de Meninas e Meninos de S\u00e3o Caetano-PE. O conterr\u00e2neo preparou uma homenagem no hall do Hotel S\u00e3o Francisco, onde foi recepcionado ao som das vozes afinadas dos adolescentes.<\/p>\n<p>&nbsp;<\/p>\n<p>Outro momento marcante da noite de ontem foi o reconhecimento ao trabalho do coordenador do Femupe, professor Marcos Moreira (Ufal), agraciado com o t\u00edtulo de cidad\u00e3o honor\u00e1rio penedense pela C\u00e2mara Municipal de Penedo, decreto legislativo de autoria do vereador Josu\u00e9 Marques da Silva (Bili Marques).<\/p>\n<p><a href=\"http:\/\/www.oparanews.com.br\/wp-content\/uploads\/2023\/10\/marcos-moreira-cidadao-penedense.jpeg\"><img loading=\"lazy\" decoding=\"async\" class=\"aligncenter size-full wp-image-29569\" src=\"http:\/\/www.oparanews.com.br\/wp-content\/uploads\/2023\/10\/marcos-moreira-cidadao-penedense.jpeg\" alt=\"\" width=\"1600\" height=\"1066\" srcset=\"https:\/\/www.oparanews.com.br\/wp-content\/uploads\/2023\/10\/marcos-moreira-cidadao-penedense.jpeg 1600w, https:\/\/www.oparanews.com.br\/wp-content\/uploads\/2023\/10\/marcos-moreira-cidadao-penedense-300x200.jpeg 300w, https:\/\/www.oparanews.com.br\/wp-content\/uploads\/2023\/10\/marcos-moreira-cidadao-penedense-1024x682.jpeg 1024w, https:\/\/www.oparanews.com.br\/wp-content\/uploads\/2023\/10\/marcos-moreira-cidadao-penedense-768x512.jpeg 768w, https:\/\/www.oparanews.com.br\/wp-content\/uploads\/2023\/10\/marcos-moreira-cidadao-penedense-1536x1023.jpeg 1536w\" sizes=\"auto, (max-width: 1600px) 100vw, 1600px\" \/><\/a><\/p>\n<p>Nesta quinta-feira, 19, o palco do Largo S\u00e3o Gon\u00e7alo recebe o saxofonista L\u00e9o Gandelman e quarteto a partir das 20 horas, noite de muito jazz com abertura do grupo de saxofones da Ufal, liderado por Eric Almeida.<\/p>\n<p>&nbsp;<\/p>\n<p>Tamb\u00e9m no mesmo local, o Femupe promove a 2\u00aa Mostra de M\u00fasica Autoral Velho Chico a partir das 17 horas, com presen\u00e7a de artistas penedenses entre as 16 composi\u00e7\u00f5es selecionadas para a iniciativa aberta ao p\u00fablico, assim como toda a programa\u00e7\u00e3o do evento realizado pela Universidade Federal de Alagoas em parceria com a Prefeitura de Penedo, Governo de Alagoas, Sebrae e IMA.<\/p>\n<p>&nbsp;<\/p>\n<p>&nbsp;<\/p>\n<p>&nbsp;<\/p>\n<p><strong>Fonte: Secom PMP<\/strong><\/p>\n<p>&nbsp;<\/p>\n","protected":false},"excerpt":{"rendered":"<p>O segundo dia do Festival de M\u00fasica de Penedo (Femupe) foi conclu\u00eddo com show do cantor e compositor pernambucano Geraldo Azevedo. O artista interpretou seus maiores sucessos no palco instalado no Largo S\u00e3o Gon\u00e7alo na noite desta quarta-feira, 18. &nbsp; Durante cerca de uma hora e meia, ele presenteou o p\u00fablico com seu talento ao &hellip;<\/p>\n","protected":false},"author":2,"featured_media":29571,"comment_status":"open","ping_status":"open","sticky":false,"template":"","format":"standard","meta":{"_jetpack_memberships_contains_paid_content":false,"footnotes":""},"categories":[1,3],"tags":[],"class_list":["post-29568","post","type-post","status-publish","format-standard","has-post-thumbnail","hentry","category-destaque","category-penedo"],"jetpack_featured_media_url":"https:\/\/www.oparanews.com.br\/wp-content\/uploads\/2023\/10\/show-geraldo-azevedo-femupe-2023-10.jpeg","jetpack_sharing_enabled":true,"_links":{"self":[{"href":"https:\/\/www.oparanews.com.br\/index.php\/wp-json\/wp\/v2\/posts\/29568","targetHints":{"allow":["GET"]}}],"collection":[{"href":"https:\/\/www.oparanews.com.br\/index.php\/wp-json\/wp\/v2\/posts"}],"about":[{"href":"https:\/\/www.oparanews.com.br\/index.php\/wp-json\/wp\/v2\/types\/post"}],"author":[{"embeddable":true,"href":"https:\/\/www.oparanews.com.br\/index.php\/wp-json\/wp\/v2\/users\/2"}],"replies":[{"embeddable":true,"href":"https:\/\/www.oparanews.com.br\/index.php\/wp-json\/wp\/v2\/comments?post=29568"}],"version-history":[{"count":1,"href":"https:\/\/www.oparanews.com.br\/index.php\/wp-json\/wp\/v2\/posts\/29568\/revisions"}],"predecessor-version":[{"id":29572,"href":"https:\/\/www.oparanews.com.br\/index.php\/wp-json\/wp\/v2\/posts\/29568\/revisions\/29572"}],"wp:featuredmedia":[{"embeddable":true,"href":"https:\/\/www.oparanews.com.br\/index.php\/wp-json\/wp\/v2\/media\/29571"}],"wp:attachment":[{"href":"https:\/\/www.oparanews.com.br\/index.php\/wp-json\/wp\/v2\/media?parent=29568"}],"wp:term":[{"taxonomy":"category","embeddable":true,"href":"https:\/\/www.oparanews.com.br\/index.php\/wp-json\/wp\/v2\/categories?post=29568"},{"taxonomy":"post_tag","embeddable":true,"href":"https:\/\/www.oparanews.com.br\/index.php\/wp-json\/wp\/v2\/tags?post=29568"}],"curies":[{"name":"wp","href":"https:\/\/api.w.org\/{rel}","templated":true}]}}