{"id":29605,"date":"2023-10-23T15:40:38","date_gmt":"2023-10-23T18:40:38","guid":{"rendered":"https:\/\/www.oparanews.com.br\/?p=29605"},"modified":"2023-10-23T15:40:38","modified_gmt":"2023-10-23T18:40:38","slug":"penedo-sedia-conferencia-intermunicipal-de-cultura-na-proxima-quarta-feira-25","status":"publish","type":"post","link":"https:\/\/www.oparanews.com.br\/index.php\/2023\/10\/23\/penedo-sedia-conferencia-intermunicipal-de-cultura-na-proxima-quarta-feira-25\/","title":{"rendered":"Penedo sedia Confer\u00eancia Intermunicipal de Cultura na pr\u00f3xima quarta-feira, 25"},"content":{"rendered":"<p>Fazedores de cultura e representantes das prefeituras da regi\u00e3o do Baixo S\u00e3o Francisco t\u00eam encontro marcado em Penedo na pr\u00f3xima quarta-feira, 25, data da Confer\u00eancia Intermunicipal de Cultura.<\/p>\n<p>&nbsp;<\/p>\n<p>O evento acontece no gin\u00e1sio da Escola Estadual Professor Ernani M\u00e9ro, com presen\u00e7a confirmada de autoridades da cidade anfitri\u00e3 e dos munic\u00edpios de Igreja Nova, Pia\u00e7abu\u00e7u, Porto Real do Col\u00e9gio e S\u00e3o Br\u00e1s.<\/p>\n<p>&nbsp;<\/p>\n<p>Al\u00e9m das cidades ribeirinhas, a confer\u00eancia cujo tema \u00e9 \u2018Democracia e Direito \u00e0 Cultura\u2019 tamb\u00e9m deve contar com a participa\u00e7\u00e3o de representantes de Feliz Deserto e Olho d\u2019\u00c1gua Grande.<\/p>\n<p>&nbsp;<\/p>\n<p>O credenciamento dos participantes acontece a partir das 8 horas, com abertura oficial \u00e0s 9 horas, seguido da programa\u00e7\u00e3o que prev\u00ea debates, apresenta\u00e7\u00f5es culturais, defini\u00e7\u00e3o de propostas e dos delegados para a confer\u00eancia estadual, etapa que antecede a confer\u00eancia nacional.<\/p>\n<p>&nbsp;<\/p>\n<p>&nbsp;<\/p>\n<p>&nbsp;<\/p>\n<p><strong>Fonte: Secom PMP<\/strong><\/p>\n<p>&nbsp;<\/p>\n","protected":false},"excerpt":{"rendered":"<p>Fazedores de cultura e representantes das prefeituras da regi\u00e3o do Baixo S\u00e3o Francisco t\u00eam encontro marcado em Penedo na pr\u00f3xima quarta-feira, 25, data da Confer\u00eancia Intermunicipal de Cultura. &nbsp; O evento acontece no gin\u00e1sio da Escola Estadual Professor Ernani M\u00e9ro, com presen\u00e7a confirmada de autoridades da cidade anfitri\u00e3 e dos munic\u00edpios de Igreja Nova, Pia\u00e7abu\u00e7u, &hellip;<\/p>\n","protected":false},"author":2,"featured_media":29606,"comment_status":"open","ping_status":"open","sticky":false,"template":"","format":"standard","meta":{"_jetpack_memberships_contains_paid_content":false,"footnotes":""},"categories":[1,3],"tags":[],"class_list":["post-29605","post","type-post","status-publish","format-standard","has-post-thumbnail","hentry","category-destaque","category-penedo"],"jetpack_featured_media_url":"https:\/\/www.oparanews.com.br\/wp-content\/uploads\/2023\/10\/card-conferencia-cultura-penedo.jpeg","jetpack_sharing_enabled":true,"_links":{"self":[{"href":"https:\/\/www.oparanews.com.br\/index.php\/wp-json\/wp\/v2\/posts\/29605","targetHints":{"allow":["GET"]}}],"collection":[{"href":"https:\/\/www.oparanews.com.br\/index.php\/wp-json\/wp\/v2\/posts"}],"about":[{"href":"https:\/\/www.oparanews.com.br\/index.php\/wp-json\/wp\/v2\/types\/post"}],"author":[{"embeddable":true,"href":"https:\/\/www.oparanews.com.br\/index.php\/wp-json\/wp\/v2\/users\/2"}],"replies":[{"embeddable":true,"href":"https:\/\/www.oparanews.com.br\/index.php\/wp-json\/wp\/v2\/comments?post=29605"}],"version-history":[{"count":1,"href":"https:\/\/www.oparanews.com.br\/index.php\/wp-json\/wp\/v2\/posts\/29605\/revisions"}],"predecessor-version":[{"id":29607,"href":"https:\/\/www.oparanews.com.br\/index.php\/wp-json\/wp\/v2\/posts\/29605\/revisions\/29607"}],"wp:featuredmedia":[{"embeddable":true,"href":"https:\/\/www.oparanews.com.br\/index.php\/wp-json\/wp\/v2\/media\/29606"}],"wp:attachment":[{"href":"https:\/\/www.oparanews.com.br\/index.php\/wp-json\/wp\/v2\/media?parent=29605"}],"wp:term":[{"taxonomy":"category","embeddable":true,"href":"https:\/\/www.oparanews.com.br\/index.php\/wp-json\/wp\/v2\/categories?post=29605"},{"taxonomy":"post_tag","embeddable":true,"href":"https:\/\/www.oparanews.com.br\/index.php\/wp-json\/wp\/v2\/tags?post=29605"}],"curies":[{"name":"wp","href":"https:\/\/api.w.org\/{rel}","templated":true}]}}