{"id":29636,"date":"2023-10-26T17:34:24","date_gmt":"2023-10-26T20:34:24","guid":{"rendered":"https:\/\/www.oparanews.com.br\/?p=29636"},"modified":"2023-10-26T17:34:24","modified_gmt":"2023-10-26T20:34:24","slug":"conferencia-intermunicipal-de-cultura-define-propostas-e-representantes-de-penedo-e-regiao-para-etapa-estadual","status":"publish","type":"post","link":"https:\/\/www.oparanews.com.br\/index.php\/2023\/10\/26\/conferencia-intermunicipal-de-cultura-define-propostas-e-representantes-de-penedo-e-regiao-para-etapa-estadual\/","title":{"rendered":"Confer\u00eancia Intermunicipal de Cultura define propostas e representantes de Penedo e regi\u00e3o para etapa estadual"},"content":{"rendered":"<p>Temas relacionados \u00e0 cultura de Penedo, Pia\u00e7abu\u00e7u, Igreja Nova, Porto Real do Col\u00e9gio e S\u00e3o Br\u00e1s foram debatidos durante confer\u00eancia intermunicipal realizada nesta quarta-feira, 25, no gin\u00e1sio da Escola Estadual Professor Ernani M\u00e9ro.<\/p>\n<p>&nbsp;<\/p>\n<p>O encontro articulado pela Secretaria de Estado da Cultura e Economia Criativa (Secult) e a Secretaria Municipal de Cultura, Lazer e Juventude (SEMCLEJ) reuniu, em Penedo, representantes do Baixo S\u00e3o Francisco e fazedores de cultura da regi\u00e3o.<\/p>\n<p>&nbsp;<\/p>\n<p>O Vice-Prefeito Jo\u00e3o Lucas representou a Prefeitura de Penedo no evento, destacando a import\u00e2ncia da confer\u00eancia para a elabora\u00e7\u00e3o de planos de trabalho, observando ainda a aus\u00eancia de quem \u00e9 do meio cultural e deveria estar presente para dar sua colabora\u00e7\u00e3o.<\/p>\n<p><a href=\"http:\/\/www.oparanews.com.br\/wp-content\/uploads\/2023\/10\/conferencia-intermunicipal-cultura-penedo-baixo-sao-francisco-21.jpeg\"><img loading=\"lazy\" decoding=\"async\" class=\"aligncenter size-full wp-image-29638\" src=\"http:\/\/www.oparanews.com.br\/wp-content\/uploads\/2023\/10\/conferencia-intermunicipal-cultura-penedo-baixo-sao-francisco-21.jpeg\" alt=\"\" width=\"1600\" height=\"1066\" srcset=\"https:\/\/www.oparanews.com.br\/wp-content\/uploads\/2023\/10\/conferencia-intermunicipal-cultura-penedo-baixo-sao-francisco-21.jpeg 1600w, https:\/\/www.oparanews.com.br\/wp-content\/uploads\/2023\/10\/conferencia-intermunicipal-cultura-penedo-baixo-sao-francisco-21-300x200.jpeg 300w, https:\/\/www.oparanews.com.br\/wp-content\/uploads\/2023\/10\/conferencia-intermunicipal-cultura-penedo-baixo-sao-francisco-21-1024x682.jpeg 1024w, https:\/\/www.oparanews.com.br\/wp-content\/uploads\/2023\/10\/conferencia-intermunicipal-cultura-penedo-baixo-sao-francisco-21-768x512.jpeg 768w, https:\/\/www.oparanews.com.br\/wp-content\/uploads\/2023\/10\/conferencia-intermunicipal-cultura-penedo-baixo-sao-francisco-21-1536x1023.jpeg 1536w\" sizes=\"auto, (max-width: 1600px) 100vw, 1600px\" \/><\/a><\/p>\n<p>O Presidente da C\u00e2mara Municipal de Penedo, vereador Messias da Fil\u00f3, ressaltou a capacidade de trabalho da gestora da SEMCLEJ, Teresa Machado, e a defini\u00e7\u00e3o de projetos que poder\u00e3o ser inclu\u00eddos no or\u00e7amento do munic\u00edpio a partir de 2024.<\/p>\n<p>&nbsp;<\/p>\n<p>O financiamento das pol\u00edticas culturais foi um dos assuntos abordados, gerando a sugest\u00e3o da cria\u00e7\u00e3o de leis municipais que viabilizem incentivos fiscais para apoiadores da cultura, assim como assegurar, pelo menos, 3% do or\u00e7amento anual de cada munic\u00edpio para a respectiva secretaria de cultura.<\/p>\n<p>&nbsp;<\/p>\n<p>A necessidade do apoio institucional e mapeamento atualizado das express\u00f5es culturais de cada cidade tamb\u00e9m foi destaque na confer\u00eancia intermunicipal fundamentada na diversidade, acessibilidade e inclus\u00e3o social.<\/p>\n<p><a href=\"http:\/\/www.oparanews.com.br\/wp-content\/uploads\/2023\/10\/conferencia-intermunicipal-cultura-penedo-baixo-sao-francisco-58.jpeg\"><img loading=\"lazy\" decoding=\"async\" class=\"aligncenter size-full wp-image-29639\" src=\"http:\/\/www.oparanews.com.br\/wp-content\/uploads\/2023\/10\/conferencia-intermunicipal-cultura-penedo-baixo-sao-francisco-58.jpeg\" alt=\"\" width=\"1600\" height=\"1066\" srcset=\"https:\/\/www.oparanews.com.br\/wp-content\/uploads\/2023\/10\/conferencia-intermunicipal-cultura-penedo-baixo-sao-francisco-58.jpeg 1600w, https:\/\/www.oparanews.com.br\/wp-content\/uploads\/2023\/10\/conferencia-intermunicipal-cultura-penedo-baixo-sao-francisco-58-300x200.jpeg 300w, https:\/\/www.oparanews.com.br\/wp-content\/uploads\/2023\/10\/conferencia-intermunicipal-cultura-penedo-baixo-sao-francisco-58-1024x682.jpeg 1024w, https:\/\/www.oparanews.com.br\/wp-content\/uploads\/2023\/10\/conferencia-intermunicipal-cultura-penedo-baixo-sao-francisco-58-768x512.jpeg 768w, https:\/\/www.oparanews.com.br\/wp-content\/uploads\/2023\/10\/conferencia-intermunicipal-cultura-penedo-baixo-sao-francisco-58-1536x1023.jpeg 1536w\" sizes=\"auto, (max-width: 1600px) 100vw, 1600px\" \/><\/a><\/p>\n<p>Vale destacar que propostas como a contrata\u00e7\u00e3o de artistas locais nos eventos promovidos pela administra\u00e7\u00e3o municipal j\u00e1 \u00e9 uma realidade em Penedo, assim como a disponibilidade de espa\u00e7o f\u00edsico para exposi\u00e7\u00e3o e comercializa\u00e7\u00e3o do artesanato local.<\/p>\n<p>&nbsp;<\/p>\n<p>Por outro lado, a inova\u00e7\u00e3o tamb\u00e9m ganhou relev\u00e2ncia, como a proposta do Projeto Cultura Navegante, com uso de embarca\u00e7\u00e3o apropriada e equipada para a promo\u00e7\u00e3o da cultura nas comunidades ribeirinhas.<\/p>\n<p>&nbsp;<\/p>\n<p>Teresa Machado, gestora da SEMCLEJ, avalia a troca de experi\u00eancias como fundamental para a elabora\u00e7\u00e3o das pol\u00edticas p\u00fablicas e confessa que a confer\u00eancia era um momento que mais esperava por ser decisiva para a gest\u00e3o do setor, elogiando a retomada das a\u00e7\u00f5es pelo Minist\u00e9rio da Cultura, tamb\u00e9m representado na confer\u00eancia que definiu os seguintes delegados para a etapa estadual:<\/p>\n<p>&nbsp;<\/p>\n<p><strong>SOCIEDADE CIVIL<\/strong><\/p>\n<p>&nbsp;<\/p>\n<p>Marileide dos Santos<\/p>\n<p>S\u00e9rgio Ricardo Nascimento<\/p>\n<p>&nbsp;<\/p>\n<p><strong>SUPLENTES<\/strong><\/p>\n<p>&nbsp;<\/p>\n<p>Maria Linete Matias<\/p>\n<p>Roberto Batista Porto<\/p>\n<p>\u00c1REA GOVERNAMENTAL<\/p>\n<p>Marcos Roberto Muniz Santos<\/p>\n<p>Luiz Fernando Vital Bezerra<\/p>\n<p>&nbsp;<\/p>\n<p><strong>SUPLENTES:<\/strong><\/p>\n<p>&nbsp;<\/p>\n<p>Vinicius Ruan Lopes dos Santos<\/p>\n<p>Danielle Silva Santos<\/p>\n<p>&nbsp;<\/p>\n<p>&nbsp;<\/p>\n<p>&nbsp;<\/p>\n<p><strong>Fonte: Secom PMP<\/strong><\/p>\n<p>&nbsp;<\/p>\n","protected":false},"excerpt":{"rendered":"<p>Temas relacionados \u00e0 cultura de Penedo, Pia\u00e7abu\u00e7u, Igreja Nova, Porto Real do Col\u00e9gio e S\u00e3o Br\u00e1s foram debatidos durante confer\u00eancia intermunicipal realizada nesta quarta-feira, 25, no gin\u00e1sio da Escola Estadual Professor Ernani M\u00e9ro. &nbsp; O encontro articulado pela Secretaria de Estado da Cultura e Economia Criativa (Secult) e a Secretaria Municipal de Cultura, Lazer e &hellip;<\/p>\n","protected":false},"author":2,"featured_media":29637,"comment_status":"open","ping_status":"open","sticky":false,"template":"","format":"standard","meta":{"_jetpack_memberships_contains_paid_content":false,"footnotes":""},"categories":[1,3],"tags":[],"class_list":["post-29636","post","type-post","status-publish","format-standard","has-post-thumbnail","hentry","category-destaque","category-penedo"],"jetpack_featured_media_url":"https:\/\/www.oparanews.com.br\/wp-content\/uploads\/2023\/10\/conferencia-intermunicipal-cultura-penedo-baixo-sao-francisco-50.jpeg","jetpack_sharing_enabled":true,"_links":{"self":[{"href":"https:\/\/www.oparanews.com.br\/index.php\/wp-json\/wp\/v2\/posts\/29636","targetHints":{"allow":["GET"]}}],"collection":[{"href":"https:\/\/www.oparanews.com.br\/index.php\/wp-json\/wp\/v2\/posts"}],"about":[{"href":"https:\/\/www.oparanews.com.br\/index.php\/wp-json\/wp\/v2\/types\/post"}],"author":[{"embeddable":true,"href":"https:\/\/www.oparanews.com.br\/index.php\/wp-json\/wp\/v2\/users\/2"}],"replies":[{"embeddable":true,"href":"https:\/\/www.oparanews.com.br\/index.php\/wp-json\/wp\/v2\/comments?post=29636"}],"version-history":[{"count":1,"href":"https:\/\/www.oparanews.com.br\/index.php\/wp-json\/wp\/v2\/posts\/29636\/revisions"}],"predecessor-version":[{"id":29640,"href":"https:\/\/www.oparanews.com.br\/index.php\/wp-json\/wp\/v2\/posts\/29636\/revisions\/29640"}],"wp:featuredmedia":[{"embeddable":true,"href":"https:\/\/www.oparanews.com.br\/index.php\/wp-json\/wp\/v2\/media\/29637"}],"wp:attachment":[{"href":"https:\/\/www.oparanews.com.br\/index.php\/wp-json\/wp\/v2\/media?parent=29636"}],"wp:term":[{"taxonomy":"category","embeddable":true,"href":"https:\/\/www.oparanews.com.br\/index.php\/wp-json\/wp\/v2\/categories?post=29636"},{"taxonomy":"post_tag","embeddable":true,"href":"https:\/\/www.oparanews.com.br\/index.php\/wp-json\/wp\/v2\/tags?post=29636"}],"curies":[{"name":"wp","href":"https:\/\/api.w.org\/{rel}","templated":true}]}}