{"id":29653,"date":"2023-10-29T22:00:31","date_gmt":"2023-10-30T01:00:31","guid":{"rendered":"https:\/\/www.oparanews.com.br\/?p=29653"},"modified":"2023-10-29T22:00:31","modified_gmt":"2023-10-30T01:00:31","slug":"homem-coloca-fogo-em-imovel-e-morre-carbonizado-em-sao-miguel-dos-campos","status":"publish","type":"post","link":"https:\/\/www.oparanews.com.br\/index.php\/2023\/10\/29\/homem-coloca-fogo-em-imovel-e-morre-carbonizado-em-sao-miguel-dos-campos\/","title":{"rendered":"Homem coloca fogo em im\u00f3vel e morre carbonizado em S\u00e3o Miguel dos Campos"},"content":{"rendered":"<p>Um homem de 56 anos morreu carbonizado neste domingo (29), na cidade de S\u00e3o Miguel dos Campos, interior de Alagoas. Segundo o Corpo de Bombeiros, a pr\u00f3pria v\u00edtima teria colocado fogo no im\u00f3vel. As chamas foram controladas com a chegada das viaturas e dos militares.<\/p>\n<p>&nbsp;<\/p>\n<p>N\u00e3o h\u00e1 informa\u00e7\u00f5es sobre o que teria levado o homem, identificado como Jos\u00e9 Conrado de Carvalho, a provocar o inc\u00eandio.<\/p>\n<p>&nbsp;<\/p>\n<p>O im\u00f3vel atingido era a resid\u00eancia da v\u00edtima e tamb\u00e9m funcionava um mercadinho, na parte alta da cidade, no loteamento Jos\u00e9 Calazans, conhecido como &#8220;Morro da Cocada&#8221;.<\/p>\n<p>&nbsp;<\/p>\n<p>Equipes da Pol\u00edcia Civil, da Pol\u00edcia Cient\u00edfica e do Instituto M\u00e9dico Legal (IML) foram acionadas e fizeram os levantamentos no local.<\/p>\n<p>&nbsp;<\/p>\n<p>&nbsp;<\/p>\n<p>&nbsp;<\/p>\n<p>&nbsp;<\/p>\n<p><strong>Fonte: G1\/AL<\/strong><\/p>\n<p>&nbsp;<\/p>\n","protected":false},"excerpt":{"rendered":"<p>Um homem de 56 anos morreu carbonizado neste domingo (29), na cidade de S\u00e3o Miguel dos Campos, interior de Alagoas. Segundo o Corpo de Bombeiros, a pr\u00f3pria v\u00edtima teria colocado fogo no im\u00f3vel. As chamas foram controladas com a chegada das viaturas e dos militares. &nbsp; N\u00e3o h\u00e1 informa\u00e7\u00f5es sobre o que teria levado o &hellip;<\/p>\n","protected":false},"author":2,"featured_media":29654,"comment_status":"open","ping_status":"open","sticky":false,"template":"","format":"standard","meta":{"_jetpack_memberships_contains_paid_content":false,"footnotes":""},"categories":[4,1],"tags":[],"class_list":["post-29653","post","type-post","status-publish","format-standard","has-post-thumbnail","hentry","category-alagoas","category-destaque"],"jetpack_featured_media_url":"https:\/\/www.oparanews.com.br\/wp-content\/uploads\/2023\/10\/whatsapp-image-2023-10-29-at-12.08.13.webp","jetpack_sharing_enabled":true,"_links":{"self":[{"href":"https:\/\/www.oparanews.com.br\/index.php\/wp-json\/wp\/v2\/posts\/29653","targetHints":{"allow":["GET"]}}],"collection":[{"href":"https:\/\/www.oparanews.com.br\/index.php\/wp-json\/wp\/v2\/posts"}],"about":[{"href":"https:\/\/www.oparanews.com.br\/index.php\/wp-json\/wp\/v2\/types\/post"}],"author":[{"embeddable":true,"href":"https:\/\/www.oparanews.com.br\/index.php\/wp-json\/wp\/v2\/users\/2"}],"replies":[{"embeddable":true,"href":"https:\/\/www.oparanews.com.br\/index.php\/wp-json\/wp\/v2\/comments?post=29653"}],"version-history":[{"count":1,"href":"https:\/\/www.oparanews.com.br\/index.php\/wp-json\/wp\/v2\/posts\/29653\/revisions"}],"predecessor-version":[{"id":29655,"href":"https:\/\/www.oparanews.com.br\/index.php\/wp-json\/wp\/v2\/posts\/29653\/revisions\/29655"}],"wp:featuredmedia":[{"embeddable":true,"href":"https:\/\/www.oparanews.com.br\/index.php\/wp-json\/wp\/v2\/media\/29654"}],"wp:attachment":[{"href":"https:\/\/www.oparanews.com.br\/index.php\/wp-json\/wp\/v2\/media?parent=29653"}],"wp:term":[{"taxonomy":"category","embeddable":true,"href":"https:\/\/www.oparanews.com.br\/index.php\/wp-json\/wp\/v2\/categories?post=29653"},{"taxonomy":"post_tag","embeddable":true,"href":"https:\/\/www.oparanews.com.br\/index.php\/wp-json\/wp\/v2\/tags?post=29653"}],"curies":[{"name":"wp","href":"https:\/\/api.w.org\/{rel}","templated":true}]}}