{"id":29774,"date":"2023-10-31T17:37:05","date_gmt":"2023-10-31T20:37:05","guid":{"rendered":"https:\/\/www.oparanews.com.br\/?p=29774"},"modified":"2023-10-31T17:37:05","modified_gmt":"2023-10-31T20:37:05","slug":"penedo-e-reconhecida-como-cidade-criativa-pela-unesco","status":"publish","type":"post","link":"https:\/\/www.oparanews.com.br\/index.php\/2023\/10\/31\/penedo-e-reconhecida-como-cidade-criativa-pela-unesco\/","title":{"rendered":"Penedo \u00e9 reconhecida como Cidade Criativa pela UNESCO"},"content":{"rendered":"<p>O munic\u00edpio de Penedo foi anunciado ter\u00e7a (31) pela Organiza\u00e7\u00e3o das Na\u00e7\u00f5es Unidas para a Educa\u00e7\u00e3o, a Ci\u00eancia e a Cultura (UNESCO), \u00f3rg\u00e3o da ONU, como integrante da Rede de Cidades Criativas.<\/p>\n<p>&nbsp;<\/p>\n<p>A inclus\u00e3o est\u00e1 na lista designada pela Diretora-Geral da UNESCO, Audrey Azoulay, junto com 55 novos membros. Al\u00e9m de Penedo, apenas a cidade do Rio de Janeiro foi selecionada entre as brasileiras, esta na categoria Literatura.<\/p>\n<p>&nbsp;<\/p>\n<p>As cidades agraciadas com o selo ir\u00e3o cooperar com os membros da rede mundial para o fortalecimento da cultura e da criatividade como instrumentos do desenvolvimento econ\u00f4mico.<\/p>\n<p><a href=\"http:\/\/www.oparanews.com.br\/wp-content\/uploads\/2023\/10\/penedo-cidades-criativas-marco-2023-30-1.jpg\"><img loading=\"lazy\" decoding=\"async\" class=\"aligncenter size-full wp-image-29776\" src=\"http:\/\/www.oparanews.com.br\/wp-content\/uploads\/2023\/10\/penedo-cidades-criativas-marco-2023-30-1.jpg\" alt=\"\" width=\"1280\" height=\"853\" srcset=\"https:\/\/www.oparanews.com.br\/wp-content\/uploads\/2023\/10\/penedo-cidades-criativas-marco-2023-30-1.jpg 1280w, https:\/\/www.oparanews.com.br\/wp-content\/uploads\/2023\/10\/penedo-cidades-criativas-marco-2023-30-1-300x200.jpg 300w, https:\/\/www.oparanews.com.br\/wp-content\/uploads\/2023\/10\/penedo-cidades-criativas-marco-2023-30-1-1024x682.jpg 1024w, https:\/\/www.oparanews.com.br\/wp-content\/uploads\/2023\/10\/penedo-cidades-criativas-marco-2023-30-1-768x512.jpg 768w\" sizes=\"auto, (max-width: 1280px) 100vw, 1280px\" \/><\/a><\/p>\n<p>Para o prefeito Ronaldo Lopes, a not\u00edcia traz uma visibilidade sem precedentes para Penedo:\u201cEstamos apresentando nossa cidade para o mundo com o que temos de melhor: hist\u00f3ria, cultura e arte. Este \u00e9 o reconhecimento da criatividade do povo penedense e que estamos transformando na base de nosso desenvolvimento econ\u00f4mico\u201c.<\/p>\n<p>&nbsp;<\/p>\n<p>Ronaldo Lopes afirmou que o selo da Unesco ser\u00e1 convertido em oportunidades para projetos culturais, turismo, investimentos e, acima de tudo, no cinema, gerando emprego e renda \u00e0 popula\u00e7\u00e3o.<\/p>\n<p>&nbsp;<\/p>\n<p>\u201cO interc\u00e2mbio e a troca de boas pr\u00e1ticas com as cidades l\u00edderes mundiais na economia criativa inserem Penedo num grupo extremamente seleto que ir\u00e1 promover o audiovisual na cidade. Ap\u00f3s a revitaliza\u00e7\u00e3o do antigo Cine S\u00e3o Francisco, estaremos reabrindo o tradicional e hoje recuperado Cine Penedo no pr\u00f3ximo dia 13 de novembro\u201d.<\/p>\n<p>&nbsp;<\/p>\n<p>J\u00e1 o Secret\u00e1rio de Turismo e Economia Criativa de Penedo, Jair Galv\u00e3o, falou que a conquista se deve ao trabalho integrado da prefeitura como in\u00fameros parceiros: \u201cA Prefeitura de Penedo est\u00e1 h\u00e0 mais de um ano trabalhando junto a institui\u00e7\u00f5es-chave que deram suporte a esta candidatura. O Sebrae Alagoas e a UFAL est\u00e3o entre as de destaque, assim como o Cons\u00f3rcio Penedo Criativa e todos os grupos setoriais de Penedo que constru\u00edram o dossi\u00ea vencedor\u201d.<\/p>\n<p><a href=\"http:\/\/www.oparanews.com.br\/wp-content\/uploads\/2023\/10\/cinema.jpg\"><img loading=\"lazy\" decoding=\"async\" class=\"aligncenter size-full wp-image-29775\" src=\"http:\/\/www.oparanews.com.br\/wp-content\/uploads\/2023\/10\/cinema.jpg\" alt=\"\" width=\"1170\" height=\"530\" srcset=\"https:\/\/www.oparanews.com.br\/wp-content\/uploads\/2023\/10\/cinema.jpg 1170w, https:\/\/www.oparanews.com.br\/wp-content\/uploads\/2023\/10\/cinema-300x136.jpg 300w, https:\/\/www.oparanews.com.br\/wp-content\/uploads\/2023\/10\/cinema-1024x464.jpg 1024w, https:\/\/www.oparanews.com.br\/wp-content\/uploads\/2023\/10\/cinema-768x348.jpg 768w\" sizes=\"auto, (max-width: 1170px) 100vw, 1170px\" \/><\/a><\/p>\n<p>Para Jair Galv\u00e3o, Penedo abre as portas com mais intensidade para o mundo do audiovisual. \u201cO cinema \u00e9 um setor econ\u00f4mico extremamente potente, teremos um trabalho voltado \u00e0 capita\u00e7\u00e3o de realizadores, demonstrado que Penedo \u00e9 a loca\u00e7\u00e3o perfeita para produ\u00e7\u00f5es. O Circuito Penedo de Cinema deve ser internacionalizado e seguramente ir\u00e1 fortalecer o projeto da escola de artes e tecnologias criativas de Penedo\u201d.<\/p>\n<p>&nbsp;<\/p>\n<p>Ao fazer parte da rede mundial da UNESCO, Penedo assume o compromisso de continuar desenvolvendo a economia criativa em todas as outras \u00e1reas da criatividade e a participar ativamente da agenda nacional e internacional do grupo.<\/p>\n<p>&nbsp;<\/p>\n<p><strong>A rede mundial de Cidades Criativas da Unesco<\/strong><\/p>\n<p>&nbsp;<\/p>\n<p>A Rede de Cidades Criativas da UNESCO foi lan\u00e7ada em 2004 para promover a coopera\u00e7\u00e3o entre as cidades que reconhecem a criatividade como um fator importante no seu desenvolvimento urbano nos aspectos econ\u00f4micos, sociais, culturais e ambientais.<\/p>\n<p>&nbsp;<\/p>\n<p>O projeto visa favorecer a m\u00fatua coopera\u00e7\u00e3o internacional com e entre as cidades-membros comprometidas em investir na criatividade como motor de desenvolvimento urbano sustent\u00e1vel, inclus\u00e3o social e cultural vibrante.<\/p>\n<p>&nbsp;<\/p>\n<p>No edital de candidatura da UNESCO de 2023, apenas Penedo (cinema) e Rio de Janeiro (literatura) entraram na rede mundial pelo Brasil, que hoje passa a contar com hoje 14 cidades na rede de coopera\u00e7\u00e3o internacional.<\/p>\n<p>&nbsp;<\/p>\n<p>&nbsp;<\/p>\n<p>&nbsp;<\/p>\n<p>&nbsp;<\/p>\n<p><strong>Fonte: SETUREC\/PMP<\/strong><\/p>\n<p>&nbsp;<\/p>\n","protected":false},"excerpt":{"rendered":"<p>O munic\u00edpio de Penedo foi anunciado ter\u00e7a (31) pela Organiza\u00e7\u00e3o das Na\u00e7\u00f5es Unidas para a Educa\u00e7\u00e3o, a Ci\u00eancia e a Cultura (UNESCO), \u00f3rg\u00e3o da ONU, como integrante da Rede de Cidades Criativas. &nbsp; A inclus\u00e3o est\u00e1 na lista designada pela Diretora-Geral da UNESCO, Audrey Azoulay, junto com 55 novos membros. Al\u00e9m de Penedo, apenas a &hellip;<\/p>\n","protected":false},"author":2,"featured_media":29777,"comment_status":"open","ping_status":"open","sticky":false,"template":"","format":"standard","meta":{"_jetpack_memberships_contains_paid_content":false,"footnotes":""},"categories":[1,3],"tags":[],"class_list":["post-29774","post","type-post","status-publish","format-standard","has-post-thumbnail","hentry","category-destaque","category-penedo"],"jetpack_featured_media_url":"https:\/\/www.oparanews.com.br\/wp-content\/uploads\/2023\/10\/penedo-cidade-criativa-feed.jpg","jetpack_sharing_enabled":true,"_links":{"self":[{"href":"https:\/\/www.oparanews.com.br\/index.php\/wp-json\/wp\/v2\/posts\/29774","targetHints":{"allow":["GET"]}}],"collection":[{"href":"https:\/\/www.oparanews.com.br\/index.php\/wp-json\/wp\/v2\/posts"}],"about":[{"href":"https:\/\/www.oparanews.com.br\/index.php\/wp-json\/wp\/v2\/types\/post"}],"author":[{"embeddable":true,"href":"https:\/\/www.oparanews.com.br\/index.php\/wp-json\/wp\/v2\/users\/2"}],"replies":[{"embeddable":true,"href":"https:\/\/www.oparanews.com.br\/index.php\/wp-json\/wp\/v2\/comments?post=29774"}],"version-history":[{"count":1,"href":"https:\/\/www.oparanews.com.br\/index.php\/wp-json\/wp\/v2\/posts\/29774\/revisions"}],"predecessor-version":[{"id":29778,"href":"https:\/\/www.oparanews.com.br\/index.php\/wp-json\/wp\/v2\/posts\/29774\/revisions\/29778"}],"wp:featuredmedia":[{"embeddable":true,"href":"https:\/\/www.oparanews.com.br\/index.php\/wp-json\/wp\/v2\/media\/29777"}],"wp:attachment":[{"href":"https:\/\/www.oparanews.com.br\/index.php\/wp-json\/wp\/v2\/media?parent=29774"}],"wp:term":[{"taxonomy":"category","embeddable":true,"href":"https:\/\/www.oparanews.com.br\/index.php\/wp-json\/wp\/v2\/categories?post=29774"},{"taxonomy":"post_tag","embeddable":true,"href":"https:\/\/www.oparanews.com.br\/index.php\/wp-json\/wp\/v2\/tags?post=29774"}],"curies":[{"name":"wp","href":"https:\/\/api.w.org\/{rel}","templated":true}]}}